{"id":9167,"date":"2025-02-10T16:47:59","date_gmt":"2025-02-10T20:47:59","guid":{"rendered":"https:\/\/webdealta.info\/?p=9167"},"modified":"2025-02-14T12:20:19","modified_gmt":"2025-02-14T16:20:19","slug":"me-falta-el-aire-titulo-del-nuevo-tema-del-gracitano-tyrone-diaz","status":"publish","type":"post","link":"https:\/\/webdealta.info\/?p=9167","title":{"rendered":"Me falta el aire: t\u00edtulo del nuevo tema del gracitano Tyrone D\u00edaz"},"content":{"rendered":"\n<p>\u00abMe falta el aire\u201d es el t\u00edtulo de la nueva canci\u00f3n que present\u00f3 el cantante venezolano Tyrone D\u00edaz, en colaboraci\u00f3n con la estrella mexicana Alex Sirvent y la reci\u00e9n nominada al Latin Grammy Angela D\u00e1valos; quienes le dieron pu\u00f1o y letra a esta obra musical que mueve las fibras m\u00e1s profundas de todos los migrantes en el mundo, con palabras de consuelo y esperanza en este camino que solamente dictan los sue\u00f1os de un coraz\u00f3n ardiente en busca de un lugar mejor.<\/p>\n\n\n\n<p>Producida musicalmente por los mexicanos Oscar Mont, Miky Mendozza y Angela D\u00e1valos, quienes han trabajado con artistas como Paty Cant\u00fa, Melissa Robles, Yahir, entre otros.<\/p>\n\n\n\n<p>En conversaci\u00f3n con la Web de Altagracia, Tyrone D\u00edaz dijo que la canci\u00f3n recoge sus vivencias como migrante y las conversaciones que sosten\u00eda con su abuela Moraima Sierra, quien falleci\u00f3 en 2024 y fue una persona clave para mantenerse en pie, a pesar de las dificultades.<\/p>\n\n\n\n<p>La mezcla y el m\u00e1ster fue realizada por los productores colombianos Sherman y Sebasti\u00e1n Quintero, quienes han producido canciones de talla mundial para artistas como Maluma, Reik, Paola Jara, Dayanara, entre otros.<\/p>\n\n\n\n<p>En los pr\u00f3ximos d\u00edas ser\u00e1 anunciada la fecha del lanzamiento oficial en plataformas y podr\u00e1n disfrutar del video oficial realizado por el productor visual Israel Ram\u00edrez.<\/p>\n\n\n\n<p>Alex y Tyrone han hecho un excelente equipo musical desde que le dieron m\u00fasica y voz a la telenovela \u201cTu vida es mi vida\u201d de Televisa Univisi\u00f3n, logrando \u00e9xito en muchas de las canciones que pudimos escuchar, a trav\u00e9s, de la pantalla chica y colaborando con grandes artistas como Laura Flores.<\/p>\n\n\n\n<p>Actualmente bajo la direcci\u00f3n del productor de telenovelas Ignacio Alarc\u00f3n preparan varios lanzamiento con la nueva casa productora \u201cAlma peregrina\u201d, y pronto ser\u00e1n anunciadas las fechas de diferentes presentaciones en la Rep\u00fablica mexicana.<br><br>Cortes\u00eda: fotograf\u00edas y nota de prensa Tyrone D\u00edaz<br><\/p>\n","protected":false},"excerpt":{"rendered":"<p>\u00abMe falta el aire\u201d es el t\u00edtulo de la nueva canci\u00f3n que present\u00f3 el cantante venezolano Tyrone D\u00edaz, en colaboraci\u00f3n con la estrella mexicana Alex Sirvent y la reci\u00e9n nominada al Latin Grammy Angela D\u00e1valos; quienes le dieron pu\u00f1o y letra a esta obra musical que mueve las fibras m\u00e1s<\/p>\n","protected":false},"author":2,"featured_media":9168,"comment_status":"open","ping_status":"open","sticky":false,"template":"","format":"standard","meta":{"advanced_seo_description":"","jetpack_seo_html_title":"","jetpack_seo_noindex":false,"_jetpack_memberships_contains_paid_content":false,"footnotes":"","jetpack_publicize_message":"","jetpack_publicize_feature_enabled":true,"jetpack_social_post_already_shared":true,"jetpack_social_options":{"image_generator_settings":{"template":"highway","enabled":false},"version":2}},"categories":[329,251],"tags":[8,7,32],"class_list":["post-9167","post","type-post","status-publish","format-standard","has-post-thumbnail","hentry","category-farandula","category-webdealta","tag-altagraciadeorituco","tag-guarico","tag-webdealta",""],"jetpack_publicize_connections":[],"jetpack_featured_media_url":"https:\/\/webdealta.info\/wp-content\/uploads\/2025\/02\/Tyrone-Diaz.png","jetpack_sharing_enabled":true,"jetpack_likes_enabled":true,"jetpack-related-posts":[],"jetpack_shortlink":"https:\/\/wp.me\/pcseDn-2nR","_links":{"self":[{"href":"https:\/\/webdealta.info\/index.php?rest_route=\/wp\/v2\/posts\/9167","targetHints":{"allow":["GET"]}}],"collection":[{"href":"https:\/\/webdealta.info\/index.php?rest_route=\/wp\/v2\/posts"}],"about":[{"href":"https:\/\/webdealta.info\/index.php?rest_route=\/wp\/v2\/types\/post"}],"author":[{"embeddable":true,"href":"https:\/\/webdealta.info\/index.php?rest_route=\/wp\/v2\/users\/2"}],"replies":[{"embeddable":true,"href":"https:\/\/webdealta.info\/index.php?rest_route=%2Fwp%2Fv2%2Fcomments&post=9167"}],"version-history":[{"count":2,"href":"https:\/\/webdealta.info\/index.php?rest_route=\/wp\/v2\/posts\/9167\/revisions"}],"predecessor-version":[{"id":9176,"href":"https:\/\/webdealta.info\/index.php?rest_route=\/wp\/v2\/posts\/9167\/revisions\/9176"}],"wp:featuredmedia":[{"embeddable":true,"href":"https:\/\/webdealta.info\/index.php?rest_route=\/wp\/v2\/media\/9168"}],"wp:attachment":[{"href":"https:\/\/webdealta.info\/index.php?rest_route=%2Fwp%2Fv2%2Fmedia&parent=9167"}],"wp:term":[{"taxonomy":"category","embeddable":true,"href":"https:\/\/webdealta.info\/index.php?rest_route=%2Fwp%2Fv2%2Fcategories&post=9167"},{"taxonomy":"post_tag","embeddable":true,"href":"https:\/\/webdealta.info\/index.php?rest_route=%2Fwp%2Fv2%2Ftags&post=9167"}],"curies":[{"name":"wp","href":"https:\/\/api.w.org\/{rel}","templated":true}]}}