{"id":9114,"date":"2025-01-19T17:27:49","date_gmt":"2025-01-19T21:27:49","guid":{"rendered":"https:\/\/webdealta.info\/?p=9114"},"modified":"2025-01-23T11:47:14","modified_gmt":"2025-01-23T15:47:14","slug":"candidatas-de-las-fiestas-patronales-de-paso-real-desfilaron-ante-la-prensa","status":"publish","type":"post","link":"https:\/\/webdealta.info\/?p=9114","title":{"rendered":"Candidatas de las fiestas patronales de Paso Real desfilaron ante la prensa"},"content":{"rendered":"\n<p>Anabel Ceballos.-<br><br>La Junta Directiva, a cargo de Ruth Rosa, Roselyn Alfonzo, Paola Le\u00f3n y Julio Messia Rosa, conjuntamente con todo el equipo de apoyo y protocolo, organizaron la presentaci\u00f3n a la Prensa e imposici\u00f3n de bandas de las candidatas de las Fiestas Patronales de la parroquia Paso Real de Macaira, en honor a Nuestra Se\u00f1ora de la Paz, en su sexag\u00e9simo cuarto aniversario.<\/p>\n\n\n\n<p>Alejandra Malpica del sector Centro; B\u00e1rbara P\u00e9rez, Las Brisas; Eveleannys Garc\u00eda, El Roble; Nazareth Bar\u00f3n, Estadium; M\u00f3nica Loreto, Cantv y Javi\u00e9ryurys Chirinos, La Planta, desfilaron ante los representares de los medios de comunicaci\u00f3n social, en la noche de este s\u00e1bado 18 de enero.<\/p>\n\n\n\n<p>El evento festivo fue auspiciado por el diputado por la Asamblea Nacional Bolivariana, Ing. Richard Rosa y la m\u00e1xima autoridad del municipio Monagas, alcalde Pedro Sol\u00f3rzano; en presencia de Masaya Candelario, Prensa Orituco; Maikel Ver\u00e1stegui, La Nueva Onda 96.7 FM; Hugo Cabrera, Clave 99.3 FM; Mariela Gonz\u00e1lez, Cacique TV y el fot\u00f3grafo Luis Ar\u00e9valo.<\/p>\n\n\n\n<p>Destac\u00f3 la animaci\u00f3n de la periodista Anabell Ceballos; Katerine Colmenares como jurado calificador; Haidee Garc\u00eda; y las madrinas y padrinos de las j\u00f3venes aspirantes a la corona en este a\u00f1o 2025, Prof. Mirna Tabares, Lic. Argelis Rodr\u00edguez, Prof. Keyla Liendo, Sra. Gisela Chaffandert, Karlenis Rodr\u00edguez y Maritza Urbina, quien adem\u00e1s apoy\u00f3 de manera impecable en costura para el vestuario de las candidatas.<\/p>\n\n\n\n<p>De parte de la Junta Directiva, env\u00edan sus m\u00e1s sinceros agradecimientos a Ketty Rodr\u00edguez y toda la familia de inversiones F &amp; A; Yatnery Landaeta, Mariyitza Bandres, Celimar Liendo, Mayerly Ponce, Coromoto Ponce, Rebeca Gonz\u00e1lez, Jander Loreto, Francis M\u00e1rquez, Naibert Rojas, Albert Cortez, Mayerlin Ponce, Nathaly Guzm\u00e1n y Jes\u00fas Ponce.<\/p>\n\n\n\n<p>Igualmente, agradecieron por las labores de mantenimiento a C\u00e9sar Blanques, Jos\u00e9 Miguel Blanques, Santa Tomas y Dibaire Ramos.<\/p>\n\n\n\n<p>La invitaci\u00f3n es para la elecci\u00f3n de la reina este pr\u00f3ximo viernes 24 y amanecer llanero s\u00e1bado 25, a partir de las 8:30 de la noche en la plaza Bol\u00edvar.<br><br>Fotograf\u00edas cortes\u00eda <br><br><\/p>\n","protected":false},"excerpt":{"rendered":"<p>Anabel Ceballos.- La Junta Directiva, a cargo de Ruth Rosa, Roselyn Alfonzo, Paola Le\u00f3n y Julio Messia Rosa, conjuntamente con todo el equipo de apoyo y protocolo, organizaron la presentaci\u00f3n a la Prensa e imposici\u00f3n de bandas de las candidatas de las Fiestas Patronales de la parroquia Paso Real de<\/p>\n","protected":false},"author":2,"featured_media":9115,"comment_status":"open","ping_status":"open","sticky":false,"template":"","format":"standard","meta":{"advanced_seo_description":"","jetpack_seo_html_title":"","jetpack_seo_noindex":false,"_jetpack_memberships_contains_paid_content":false,"footnotes":"","jetpack_publicize_message":"","jetpack_publicize_feature_enabled":true,"jetpack_social_post_already_shared":true,"jetpack_social_options":{"image_generator_settings":{"template":"highway","enabled":false},"version":2}},"categories":[335,251],"tags":[8,7,32],"class_list":["post-9114","post","type-post","status-publish","format-standard","has-post-thumbnail","hentry","category-locales","category-webdealta","tag-altagraciadeorituco","tag-guarico","tag-webdealta",""],"jetpack_publicize_connections":[],"jetpack_featured_media_url":"https:\/\/webdealta.info\/wp-content\/uploads\/2025\/01\/paso-real-wwebdealta-reinas.png","jetpack_sharing_enabled":true,"jetpack_likes_enabled":true,"jetpack-related-posts":[],"jetpack_shortlink":"https:\/\/wp.me\/pcseDn-2n0","_links":{"self":[{"href":"https:\/\/webdealta.info\/index.php?rest_route=\/wp\/v2\/posts\/9114","targetHints":{"allow":["GET"]}}],"collection":[{"href":"https:\/\/webdealta.info\/index.php?rest_route=\/wp\/v2\/posts"}],"about":[{"href":"https:\/\/webdealta.info\/index.php?rest_route=\/wp\/v2\/types\/post"}],"author":[{"embeddable":true,"href":"https:\/\/webdealta.info\/index.php?rest_route=\/wp\/v2\/users\/2"}],"replies":[{"embeddable":true,"href":"https:\/\/webdealta.info\/index.php?rest_route=%2Fwp%2Fv2%2Fcomments&post=9114"}],"version-history":[{"count":3,"href":"https:\/\/webdealta.info\/index.php?rest_route=\/wp\/v2\/posts\/9114\/revisions"}],"predecessor-version":[{"id":9130,"href":"https:\/\/webdealta.info\/index.php?rest_route=\/wp\/v2\/posts\/9114\/revisions\/9130"}],"wp:featuredmedia":[{"embeddable":true,"href":"https:\/\/webdealta.info\/index.php?rest_route=\/wp\/v2\/media\/9115"}],"wp:attachment":[{"href":"https:\/\/webdealta.info\/index.php?rest_route=%2Fwp%2Fv2%2Fmedia&parent=9114"}],"wp:term":[{"taxonomy":"category","embeddable":true,"href":"https:\/\/webdealta.info\/index.php?rest_route=%2Fwp%2Fv2%2Fcategories&post=9114"},{"taxonomy":"post_tag","embeddable":true,"href":"https:\/\/webdealta.info\/index.php?rest_route=%2Fwp%2Fv2%2Ftags&post=9114"}],"curies":[{"name":"wp","href":"https:\/\/api.w.org\/{rel}","templated":true}]}}