{"id":911,"date":"2020-12-02T14:58:29","date_gmt":"2020-12-02T18:58:29","guid":{"rendered":"https:\/\/webdealta.info\/?p=911"},"modified":"2020-12-02T14:58:32","modified_gmt":"2020-12-02T18:58:32","slug":"herido-reportero-grafico-del-diario-la-antena","status":"publish","type":"post","link":"https:\/\/webdealta.info\/?p=911","title":{"rendered":"Herido reportero gr\u00e1fico del diario La Antena"},"content":{"rendered":"\n<p>Amanda Saldivia<\/p>\n\n\n\n<figure class=\"wp-block-image size-large\"><img loading=\"lazy\" decoding=\"async\" width=\"750\" height=\"796\" src=\"https:\/\/webdealta.info\/wp-content\/uploads\/2020\/12\/WhatsApp-Image-2020-12-02-at-2.52.30-PM.jpeg\" alt=\"\" class=\"wp-image-913\" srcset=\"https:\/\/webdealta.info\/wp-content\/uploads\/2020\/12\/WhatsApp-Image-2020-12-02-at-2.52.30-PM.jpeg 750w, https:\/\/webdealta.info\/wp-content\/uploads\/2020\/12\/WhatsApp-Image-2020-12-02-at-2.52.30-PM.jpeg 283w\" sizes=\"auto, (max-width: 640px) 100vw, 640px\" \/><\/figure>\n\n\n\n<p>Jamel Louka, reportero gr\u00e1fico del diario La Antena, recibi\u00f3 un impacto de bala en el brazo izquierdo con orificio de entrada y salida, tras ser abordado por sujetos desconocidos, quienes de acuerdo a la versi\u00f3n de la v\u00edctima, pretend\u00edan llev\u00e1rselo a bordo de una unidad que estaba estacionada cercana a su residencia.<\/p>\n\n\n\n<p>Cont\u00f3 que como es habitual, sali\u00f3 temprano a gestiones relacionadas al trabajo y cuando regres\u00f3 pasada las 5 de la madrugada, se registr\u00f3 el hecho a las afueras de su vivienda, ubicada en la calle Bol\u00edvar cruce con Ayacucho de Altagracia de Orituco, estado Gu\u00e1rico.<\/p>\n\n\n\n<p>Al momento de dar la versi\u00f3n de lo ocurrido, se encontraba acompa\u00f1ado por el capit\u00e1n Urdaneta, comandante del puesto de la Guardia Nacional en esta localidad y ya hab\u00eda recibido atenci\u00f3n m\u00e9dica en el hospital Dr. Jos\u00e9 Francisco Torrealba, lugar al cual se traslad\u00f3 en el veh\u00edculo de su propiedad.<\/p>\n\n\n\n<figure class=\"wp-block-image size-large\"><img loading=\"lazy\" decoding=\"async\" width=\"1024\" height=\"519\" src=\"https:\/\/webdealta.info\/wp-content\/uploads\/2020\/12\/WhatsApp-Image-2020-12-02-at-2.48.21-PM-1024x519.jpeg\" alt=\"\" class=\"wp-image-914\" srcset=\"https:\/\/webdealta.info\/wp-content\/uploads\/2020\/12\/WhatsApp-Image-2020-12-02-at-2.48.21-PM.jpeg 1024w, https:\/\/webdealta.info\/wp-content\/uploads\/2020\/12\/WhatsApp-Image-2020-12-02-at-2.48.21-PM.jpeg 300w, https:\/\/webdealta.info\/wp-content\/uploads\/2020\/12\/WhatsApp-Image-2020-12-02-at-2.48.21-PM.jpeg 768w, https:\/\/webdealta.info\/wp-content\/uploads\/2020\/12\/WhatsApp-Image-2020-12-02-at-2.48.21-PM.jpeg 1080w\" sizes=\"auto, (max-width: 640px) 100vw, 640px\" \/><\/figure>\n\n\n\n<p>Sobre el m\u00f3vil del hecho, dijo que solo alcanz\u00f3 a escuchar que se lo quer\u00edan llevar a la fuerza. Vecinos reportan al menos cuatro detonaciones y un estruendo. En el lugar no se observan da\u00f1os mayores, sino una parte de la cer\u00e1mica externa de la residencia desprendida.<\/p>\n\n\n\n<p>El reportero gr\u00e1fico presentar\u00e1 la respectiva denuncia ante los \u00f3rganos competentes. El Sindicato Nacional de la Prensa ya se pronunci\u00f3 al respecto y exige una investigaci\u00f3n.<\/p>\n\n\n\n<figure class=\"wp-block-image size-large\"><img loading=\"lazy\" decoding=\"async\" width=\"750\" height=\"1000\" src=\"https:\/\/webdealta.info\/wp-content\/uploads\/2020\/12\/WhatsApp-Image-2020-12-02-at-2.48.41-PM.jpeg\" alt=\"\" class=\"wp-image-915\" srcset=\"https:\/\/webdealta.info\/wp-content\/uploads\/2020\/12\/WhatsApp-Image-2020-12-02-at-2.48.41-PM.jpeg 750w, https:\/\/webdealta.info\/wp-content\/uploads\/2020\/12\/WhatsApp-Image-2020-12-02-at-2.48.41-PM.jpeg 225w\" sizes=\"auto, (max-width: 640px) 100vw, 640px\" \/><\/figure>\n\n\n\n<p>@amandasaldivia<\/p>\n\n\n\n<p><\/p>\n","protected":false},"excerpt":{"rendered":"<p>Amanda Saldivia Jamel Louka, reportero gr\u00e1fico del diario La Antena, recibi\u00f3 un impacto de bala en el brazo izquierdo con orificio de entrada y salida, tras ser abordado por sujetos desconocidos, quienes de acuerdo a la versi\u00f3n de la v\u00edctima, pretend\u00edan llev\u00e1rselo a bordo de una unidad que estaba estacionada<\/p>\n","protected":false},"author":2,"featured_media":916,"comment_status":"open","ping_status":"open","sticky":false,"template":"","format":"standard","meta":{"advanced_seo_description":"","jetpack_seo_html_title":"","jetpack_seo_noindex":false,"_jetpack_memberships_contains_paid_content":false,"footnotes":"","jetpack_publicize_message":"","jetpack_publicize_feature_enabled":true,"jetpack_social_post_already_shared":true,"jetpack_social_options":{"image_generator_settings":{"template":"highway","enabled":false},"version":2}},"categories":[62],"tags":[8,32],"class_list":["post-911","post","type-post","status-publish","format-standard","has-post-thumbnail","hentry","category-inseguridad","tag-altagraciadeorituco","tag-webdealta",""],"jetpack_publicize_connections":[],"jetpack_featured_media_url":"https:\/\/webdealta.info\/wp-content\/uploads\/2020\/12\/WhatsApp-Image-2020-12-02-at-2.17.23-PM.jpeg","jetpack_sharing_enabled":true,"jetpack_likes_enabled":true,"jetpack-related-posts":[],"jetpack_shortlink":"https:\/\/wp.me\/pcseDn-eH","_links":{"self":[{"href":"https:\/\/webdealta.info\/index.php?rest_route=\/wp\/v2\/posts\/911","targetHints":{"allow":["GET"]}}],"collection":[{"href":"https:\/\/webdealta.info\/index.php?rest_route=\/wp\/v2\/posts"}],"about":[{"href":"https:\/\/webdealta.info\/index.php?rest_route=\/wp\/v2\/types\/post"}],"author":[{"embeddable":true,"href":"https:\/\/webdealta.info\/index.php?rest_route=\/wp\/v2\/users\/2"}],"replies":[{"embeddable":true,"href":"https:\/\/webdealta.info\/index.php?rest_route=%2Fwp%2Fv2%2Fcomments&post=911"}],"version-history":[{"count":1,"href":"https:\/\/webdealta.info\/index.php?rest_route=\/wp\/v2\/posts\/911\/revisions"}],"predecessor-version":[{"id":917,"href":"https:\/\/webdealta.info\/index.php?rest_route=\/wp\/v2\/posts\/911\/revisions\/917"}],"wp:featuredmedia":[{"embeddable":true,"href":"https:\/\/webdealta.info\/index.php?rest_route=\/wp\/v2\/media\/916"}],"wp:attachment":[{"href":"https:\/\/webdealta.info\/index.php?rest_route=%2Fwp%2Fv2%2Fmedia&parent=911"}],"wp:term":[{"taxonomy":"category","embeddable":true,"href":"https:\/\/webdealta.info\/index.php?rest_route=%2Fwp%2Fv2%2Fcategories&post=911"},{"taxonomy":"post_tag","embeddable":true,"href":"https:\/\/webdealta.info\/index.php?rest_route=%2Fwp%2Fv2%2Ftags&post=911"}],"curies":[{"name":"wp","href":"https:\/\/api.w.org\/{rel}","templated":true}]}}