{"id":9104,"date":"2025-01-15T15:04:42","date_gmt":"2025-01-15T19:04:42","guid":{"rendered":"https:\/\/webdealta.info\/?p=9104"},"modified":"2025-01-15T15:06:35","modified_gmt":"2025-01-15T19:06:35","slug":"dos-actividades-resaltaron-el-dia-del-maestro-en-altagracia","status":"publish","type":"post","link":"https:\/\/webdealta.info\/?p=9104","title":{"rendered":"Dos actividades resaltaron el D\u00eda del Maestro en Altagracia"},"content":{"rendered":"\n<p>Amanda Saldivia.-<\/p>\n\n\n\n<p>Dos actividades simult\u00e1neas marcaron la celebraci\u00f3n del D\u00eda del Maestro en Altagracia de Orituco, efem\u00e9ride nacional que fue escogida para recordar que el 15 de enero de 1932 fue fundada la Sociedad Venezolana de Maestros de Instrucci\u00f3n Primaria, para luchar por los derechos de los educadores.<\/p>\n\n\n\n<p>A las 10:00 am fue la misa de Acci\u00f3n de Gracias en el templo Nuestra Se\u00f1ora de Altagracia, oficiada por el padre Luis M\u00e1rquez, bajo la organizaci\u00f3n de la alcald\u00eda del municipio Jos\u00e9 Tadeo Monagas y el Centro para el Desarrollo de la Calidad Educativa, dirigido por la Dra. Susana Sayegh.<\/p>\n\n\n\n<p>A esa misma hora, pero en la sede de la fundaci\u00f3n Dr. Pedro Mar\u00eda Ar\u00e9valo, se llev\u00f3 a cabo un conversatorio en memoria del profesor Reyes Torrealba, quien se destac\u00f3 como docente de biolog\u00eda, investigador, artista pl\u00e1stico y deportista (ciclista).<\/p>\n\n\n\n<p>Baj\u00f3 la conducci\u00f3n de Alfredo D\u2019Suze, presidente de la FUNPMAC, transcurri\u00f3 el encuentro, en presencia de Teresa de Torrealba, hermanos y amigos de tan recordado docente. Aunque hubo l\u00e1grimas, qued\u00f3 expuesto que fue un extraordinario ser humano que lamentablemente parti\u00f3 en medio de la pandemia de COVID.<br><br>@amandasaldivia <br><br><\/p>\n","protected":false},"excerpt":{"rendered":"<p>Amanda Saldivia.- Dos actividades simult\u00e1neas marcaron la celebraci\u00f3n del D\u00eda del Maestro en Altagracia de Orituco, efem\u00e9ride nacional que fue escogida para recordar que el 15 de enero de 1932 fue fundada la Sociedad Venezolana de Maestros de Instrucci\u00f3n Primaria, para luchar por los derechos de los educadores. A las<\/p>\n","protected":false},"author":2,"featured_media":9105,"comment_status":"open","ping_status":"open","sticky":false,"template":"","format":"standard","meta":{"advanced_seo_description":"","jetpack_seo_html_title":"","jetpack_seo_noindex":false,"_jetpack_memberships_contains_paid_content":false,"footnotes":"","jetpack_publicize_message":"","jetpack_publicize_feature_enabled":true,"jetpack_social_post_already_shared":true,"jetpack_social_options":{"image_generator_settings":{"template":"highway","enabled":false},"version":2}},"categories":[335,251],"tags":[8,7,32],"class_list":["post-9104","post","type-post","status-publish","format-standard","has-post-thumbnail","hentry","category-locales","category-webdealta","tag-altagraciadeorituco","tag-guarico","tag-webdealta",""],"jetpack_publicize_connections":[],"jetpack_featured_media_url":"https:\/\/webdealta.info\/wp-content\/uploads\/2025\/01\/dia-del-maestro-webdealta-2025.png","jetpack_sharing_enabled":true,"jetpack_likes_enabled":true,"jetpack-related-posts":[],"jetpack_shortlink":"https:\/\/wp.me\/pcseDn-2mQ","_links":{"self":[{"href":"https:\/\/webdealta.info\/index.php?rest_route=\/wp\/v2\/posts\/9104","targetHints":{"allow":["GET"]}}],"collection":[{"href":"https:\/\/webdealta.info\/index.php?rest_route=\/wp\/v2\/posts"}],"about":[{"href":"https:\/\/webdealta.info\/index.php?rest_route=\/wp\/v2\/types\/post"}],"author":[{"embeddable":true,"href":"https:\/\/webdealta.info\/index.php?rest_route=\/wp\/v2\/users\/2"}],"replies":[{"embeddable":true,"href":"https:\/\/webdealta.info\/index.php?rest_route=%2Fwp%2Fv2%2Fcomments&post=9104"}],"version-history":[{"count":2,"href":"https:\/\/webdealta.info\/index.php?rest_route=\/wp\/v2\/posts\/9104\/revisions"}],"predecessor-version":[{"id":9107,"href":"https:\/\/webdealta.info\/index.php?rest_route=\/wp\/v2\/posts\/9104\/revisions\/9107"}],"wp:featuredmedia":[{"embeddable":true,"href":"https:\/\/webdealta.info\/index.php?rest_route=\/wp\/v2\/media\/9105"}],"wp:attachment":[{"href":"https:\/\/webdealta.info\/index.php?rest_route=%2Fwp%2Fv2%2Fmedia&parent=9104"}],"wp:term":[{"taxonomy":"category","embeddable":true,"href":"https:\/\/webdealta.info\/index.php?rest_route=%2Fwp%2Fv2%2Fcategories&post=9104"},{"taxonomy":"post_tag","embeddable":true,"href":"https:\/\/webdealta.info\/index.php?rest_route=%2Fwp%2Fv2%2Ftags&post=9104"}],"curies":[{"name":"wp","href":"https:\/\/api.w.org\/{rel}","templated":true}]}}