{"id":9100,"date":"2025-01-13T11:03:33","date_gmt":"2025-01-13T15:03:33","guid":{"rendered":"https:\/\/webdealta.info\/?p=9100"},"modified":"2025-01-13T11:03:34","modified_gmt":"2025-01-13T15:03:34","slug":"el-77-del-estudiantado-retorno-a-clases-este-lunes-13-01","status":"publish","type":"post","link":"https:\/\/webdealta.info\/?p=9100","title":{"rendered":"El 77% del estudiantado retorn\u00f3 a clases este lunes 13\/01"},"content":{"rendered":"\n<p>Amanda Saldivia.-<\/p>\n\n\n\n<p>El 77 por cierto de la matr\u00edcula de estudiantes del municipio Jos\u00e9 Tadeo Monagas asisti\u00f3 a clases, este lunes 13 de enero, de acuerdo al balance presentado por la Dra. Susana Sayegh, Directora del Centro de Desarrollo de la Calidad Educativa de esta regi\u00f3n del estado Gu\u00e1rico.<\/p>\n\n\n\n<p>Aunque el llamado a clases fue para el martes 7 de enero, fue poca la asistencia la semana pasada, lo que contrast\u00f3 con este lunes 13, en el cual se apreci\u00f3 el movimiento que caracteriza el retorno a las aulas, con m\u00e1s presencia de estudiantes en las calles y otros que eran trasladados en carros y motocicletas.<\/p>\n\n\n\n<p>De all\u00ed, que se consultara a la Dra. Sayegh sobre el balance a la fecha, luego de que ella supervisara algunos planteles de la parroquia Altagracia y consolidara los datos provenientes de las zonas for\u00e1neas, en la ma\u00f1ana de este lunes.<\/p>\n\n\n\n<p>En ese sentido, dijo que \u00abtenemos un 77 % de la matr\u00edcula en el turno de la ma\u00f1ana de asistencias a clase en todos los niveles y modalidades, desde la semana pasada el regreso a clases se ha dado progresivamente en funci\u00f3n de la asistencia favorable\u00bb.<\/p>\n\n\n\n<p>Respecto a la incorporaci\u00f3n del personal precis\u00f3 que \u00abla asistencia de docentes se ha mantenido en un 95%, salv\u00f3 los casos de reposo m\u00e9dicos y otras justificaciones, los administrativos y obreros tambi\u00e9n han asistido en un 95%, salv\u00f3 casos justificados que son reposos y otros permisos\u00bb.<br><br>Es importante destacar, que la matr\u00edcula total de estudiantes en todos los niveles y modalidades del municipio Jos\u00e9 Tadeo Monagas es de 15 mil 225. <\/p>\n\n\n\n<p>Por \u00faltimo, agradeci\u00f3 al sector educativo la respuesta favorable \u00aben mantener nuestra educaci\u00f3n en el municipio activa\u00bb.<\/p>\n\n\n\n<p><a>@amandasaldivia<\/a><br><br><br><\/p>\n","protected":false},"excerpt":{"rendered":"<p>Amanda Saldivia.- El 77 por cierto de la matr\u00edcula de estudiantes del municipio Jos\u00e9 Tadeo Monagas asisti\u00f3 a clases, este lunes 13 de enero, de acuerdo al balance presentado por la Dra. Susana Sayegh, Directora del Centro de Desarrollo de la Calidad Educativa de esta regi\u00f3n del estado Gu\u00e1rico. Aunque<\/p>\n","protected":false},"author":2,"featured_media":9101,"comment_status":"open","ping_status":"open","sticky":false,"template":"","format":"standard","meta":{"advanced_seo_description":"","jetpack_seo_html_title":"","jetpack_seo_noindex":false,"_jetpack_memberships_contains_paid_content":false,"footnotes":"","jetpack_publicize_message":"","jetpack_publicize_feature_enabled":true,"jetpack_social_post_already_shared":true,"jetpack_social_options":{"image_generator_settings":{"template":"highway","enabled":false},"version":2}},"categories":[151,251],"tags":[8,7,32],"class_list":["post-9100","post","type-post","status-publish","format-standard","has-post-thumbnail","hentry","category-educacion","category-webdealta","tag-altagraciadeorituco","tag-guarico","tag-webdealta",""],"jetpack_publicize_connections":[],"jetpack_featured_media_url":"https:\/\/webdealta.info\/wp-content\/uploads\/2025\/01\/CLASES-2025-WEBDEALTA.png","jetpack_sharing_enabled":true,"jetpack_likes_enabled":true,"jetpack-related-posts":[],"jetpack_shortlink":"https:\/\/wp.me\/pcseDn-2mM","_links":{"self":[{"href":"https:\/\/webdealta.info\/index.php?rest_route=\/wp\/v2\/posts\/9100","targetHints":{"allow":["GET"]}}],"collection":[{"href":"https:\/\/webdealta.info\/index.php?rest_route=\/wp\/v2\/posts"}],"about":[{"href":"https:\/\/webdealta.info\/index.php?rest_route=\/wp\/v2\/types\/post"}],"author":[{"embeddable":true,"href":"https:\/\/webdealta.info\/index.php?rest_route=\/wp\/v2\/users\/2"}],"replies":[{"embeddable":true,"href":"https:\/\/webdealta.info\/index.php?rest_route=%2Fwp%2Fv2%2Fcomments&post=9100"}],"version-history":[{"count":1,"href":"https:\/\/webdealta.info\/index.php?rest_route=\/wp\/v2\/posts\/9100\/revisions"}],"predecessor-version":[{"id":9102,"href":"https:\/\/webdealta.info\/index.php?rest_route=\/wp\/v2\/posts\/9100\/revisions\/9102"}],"wp:featuredmedia":[{"embeddable":true,"href":"https:\/\/webdealta.info\/index.php?rest_route=\/wp\/v2\/media\/9101"}],"wp:attachment":[{"href":"https:\/\/webdealta.info\/index.php?rest_route=%2Fwp%2Fv2%2Fmedia&parent=9100"}],"wp:term":[{"taxonomy":"category","embeddable":true,"href":"https:\/\/webdealta.info\/index.php?rest_route=%2Fwp%2Fv2%2Fcategories&post=9100"},{"taxonomy":"post_tag","embeddable":true,"href":"https:\/\/webdealta.info\/index.php?rest_route=%2Fwp%2Fv2%2Ftags&post=9100"}],"curies":[{"name":"wp","href":"https:\/\/api.w.org\/{rel}","templated":true}]}}