{"id":9096,"date":"2025-01-13T10:20:20","date_gmt":"2025-01-13T14:20:20","guid":{"rendered":"https:\/\/webdealta.info\/?p=9096"},"modified":"2025-01-13T10:20:21","modified_gmt":"2025-01-13T14:20:21","slug":"ministro-marquez-supervisa-subestacion-san-geronimo-b-en-guarico","status":"publish","type":"post","link":"https:\/\/webdealta.info\/?p=9096","title":{"rendered":"Ministro M\u00e1rquez supervisa subestaci\u00f3n San Ger\u00f3nimo B en Gu\u00e1rico"},"content":{"rendered":"\n<p>El ministro del Poder Popular para la Energ\u00eda El\u00e9ctrica, Jorge M\u00e1rquez, recorri\u00f3 este s\u00e1bado las instalaciones de la subestaci\u00f3n \u201cSan Ger\u00f3nimo B\u201d de 765 kV, ubicada en Valle de la Pascua, estado Gu\u00e1rico, como parte del Plan Nacional de Inspecciones y Mantenimiento Integral del SEN que impulsa el Gobierno Bolivariano.<\/p>\n\n\n\n<p>Durante su visita, el tambi\u00e9n Vicepresidente Sectorial de Obras P\u00fablicas y Servicios, se re\u00fane con la fuerza trabajadora que hace vida en estas instalaciones.<\/p>\n\n\n\n<p>La subestaci\u00f3n San Ger\u00f3nimo es una de la m\u00e1s importantes del Sistema El\u00e9ctrico Nacional (SEN), dada su posici\u00f3n estrat\u00e9gica y el tendido el\u00e9ctrico que la conecta con la estaci\u00f3n la Horqueta (Aragua) extendi\u00e9ndose hasta Santa Teresa del Tuy (Miranda).<\/p>\n\n\n\n<p>El presidente de la Rep\u00fablica, Nicol\u00e1s Maduro, ha orientado realizar mejoras sustanciales en la prestaci\u00f3n de los servicios p\u00fablicos, al tiempo que orden\u00f3 incrementar los planes de protecci\u00f3n del Sistema El\u00e9ctrico Nacional.<\/p>\n\n\n\n<p>En cumplimiento de esta instrucci\u00f3n, el Ministerio del Poder Popular para la Energ\u00eda El\u00e9ctrica y la Corporaci\u00f3n El\u00e9ctrica Nacional (Corpoelec) trabajan de la mano para robustecer los procesos de generaci\u00f3n, transmisi\u00f3n y distribuci\u00f3n del servicio y brindar al pueblo venezolano la mayor suma de bienestar.<\/p>\n\n\n\n<p>Prensa MPPEE-Corpoelec<\/p>\n\n\n\n<p><\/p>\n","protected":false},"excerpt":{"rendered":"<p>El ministro del Poder Popular para la Energ\u00eda El\u00e9ctrica, Jorge M\u00e1rquez, recorri\u00f3 este s\u00e1bado las instalaciones de la subestaci\u00f3n \u201cSan Ger\u00f3nimo B\u201d de 765 kV, ubicada en Valle de la Pascua, estado Gu\u00e1rico, como parte del Plan Nacional de Inspecciones y Mantenimiento Integral del SEN que impulsa el Gobierno Bolivariano.<\/p>\n","protected":false},"author":2,"featured_media":9097,"comment_status":"open","ping_status":"open","sticky":false,"template":"","format":"standard","meta":{"advanced_seo_description":"","jetpack_seo_html_title":"","jetpack_seo_noindex":false,"_jetpack_memberships_contains_paid_content":false,"footnotes":"","jetpack_publicize_message":"","jetpack_publicize_feature_enabled":true,"jetpack_social_post_already_shared":true,"jetpack_social_options":{"image_generator_settings":{"template":"highway","enabled":false},"version":2}},"categories":[66,251],"tags":[8,7,32],"class_list":["post-9096","post","type-post","status-publish","format-standard","has-post-thumbnail","hentry","category-regionales","category-webdealta","tag-altagraciadeorituco","tag-guarico","tag-webdealta",""],"jetpack_publicize_connections":[],"jetpack_featured_media_url":"https:\/\/webdealta.info\/wp-content\/uploads\/2025\/01\/ministrocorpeoelc-webdealta.png","jetpack_sharing_enabled":true,"jetpack_likes_enabled":true,"jetpack-related-posts":[],"jetpack_shortlink":"https:\/\/wp.me\/pcseDn-2mI","_links":{"self":[{"href":"https:\/\/webdealta.info\/index.php?rest_route=\/wp\/v2\/posts\/9096","targetHints":{"allow":["GET"]}}],"collection":[{"href":"https:\/\/webdealta.info\/index.php?rest_route=\/wp\/v2\/posts"}],"about":[{"href":"https:\/\/webdealta.info\/index.php?rest_route=\/wp\/v2\/types\/post"}],"author":[{"embeddable":true,"href":"https:\/\/webdealta.info\/index.php?rest_route=\/wp\/v2\/users\/2"}],"replies":[{"embeddable":true,"href":"https:\/\/webdealta.info\/index.php?rest_route=%2Fwp%2Fv2%2Fcomments&post=9096"}],"version-history":[{"count":1,"href":"https:\/\/webdealta.info\/index.php?rest_route=\/wp\/v2\/posts\/9096\/revisions"}],"predecessor-version":[{"id":9098,"href":"https:\/\/webdealta.info\/index.php?rest_route=\/wp\/v2\/posts\/9096\/revisions\/9098"}],"wp:featuredmedia":[{"embeddable":true,"href":"https:\/\/webdealta.info\/index.php?rest_route=\/wp\/v2\/media\/9097"}],"wp:attachment":[{"href":"https:\/\/webdealta.info\/index.php?rest_route=%2Fwp%2Fv2%2Fmedia&parent=9096"}],"wp:term":[{"taxonomy":"category","embeddable":true,"href":"https:\/\/webdealta.info\/index.php?rest_route=%2Fwp%2Fv2%2Fcategories&post=9096"},{"taxonomy":"post_tag","embeddable":true,"href":"https:\/\/webdealta.info\/index.php?rest_route=%2Fwp%2Fv2%2Ftags&post=9096"}],"curies":[{"name":"wp","href":"https:\/\/api.w.org\/{rel}","templated":true}]}}