{"id":9083,"date":"2025-01-06T11:01:44","date_gmt":"2025-01-06T15:01:44","guid":{"rendered":"https:\/\/webdealta.info\/?p=9083"},"modified":"2025-01-06T11:01:45","modified_gmt":"2025-01-06T15:01:45","slug":"deportistas-celebraron-con-misa-de-accion-de-gracias","status":"publish","type":"post","link":"https:\/\/webdealta.info\/?p=9083","title":{"rendered":"Deportistas celebraron con Misa de Acci\u00f3n de Gracias"},"content":{"rendered":"\n<p>Amanda Saldivia.-<\/p>\n\n\n\n<p>A su m\u00e1xima capacidad estuvo el templo Nuestra Se\u00f1ora de Altagracia, este lunes 6 de enero, a prop\u00f3sito de la celebraci\u00f3n de la eucarist\u00eda por el D\u00eda del Deporte, la cual fue oficiada por el padre Luis M\u00e1rquez, en presencia del alcalde Pedro Sol\u00f3rzano; \u00c1ngel Arias, presidente del Instituto Municipal de Deportes, adem\u00e1s de atletas de distintas disciplinas y entrenadores.<\/p>\n\n\n\n<p>En la homil\u00eda el padre Luis M\u00e1rquez pidi\u00f3 la intersecci\u00f3n de la Beata Madre Candelaria de San Jos\u00e9 ante Dios, para que los deportistas sean \u00abmodelos a los que se puedan imitar y puedan ser siempre atletas del esp\u00edritu, hombres y mujeres alegres, portadores de esperanza, que no conocen l\u00edmites y que son capaces de llegar a donde se lo propongan con esfuerzo, sacrificio y perseverancia\u00bb.<\/p>\n\n\n\n<p>Durante el desarrollo de la eucarist\u00eda destac\u00f3 la presencia de deportistas de las distintas escuelas, entre ellas los agrupados en la Liga de Voleibol, la Liga de Beisbol 100 por ciento Federada; Criollitos de Venezuela (Criollitos del Orituco), f\u00fatbol sala, f\u00fatbol campo, basquetbol y tenis de mesa, con el atleta Irwing Jos\u00e9 Rivas Latr\u00f3nica.<\/p>\n\n\n\n<p><a>@amandasaldivia<\/a>  <br><\/p>\n","protected":false},"excerpt":{"rendered":"<p>Amanda Saldivia.- A su m\u00e1xima capacidad estuvo el templo Nuestra Se\u00f1ora de Altagracia, este lunes 6 de enero, a prop\u00f3sito de la celebraci\u00f3n de la eucarist\u00eda por el D\u00eda del Deporte, la cual fue oficiada por el padre Luis M\u00e1rquez, en presencia del alcalde Pedro Sol\u00f3rzano; \u00c1ngel Arias, presidente del<\/p>\n","protected":false},"author":2,"featured_media":9084,"comment_status":"open","ping_status":"open","sticky":false,"template":"","format":"standard","meta":{"advanced_seo_description":"","jetpack_seo_html_title":"","jetpack_seo_noindex":false,"_jetpack_memberships_contains_paid_content":false,"footnotes":"","jetpack_publicize_message":"","jetpack_publicize_feature_enabled":true,"jetpack_social_post_already_shared":true,"jetpack_social_options":{"image_generator_settings":{"template":"highway","enabled":false},"version":2}},"categories":[111,251],"tags":[8,7,32],"class_list":["post-9083","post","type-post","status-publish","format-standard","has-post-thumbnail","hentry","category-deporte","category-webdealta","tag-altagraciadeorituco","tag-guarico","tag-webdealta",""],"jetpack_publicize_connections":[],"jetpack_featured_media_url":"https:\/\/webdealta.info\/wp-content\/uploads\/2025\/01\/misa-del-deporte.png","jetpack_sharing_enabled":true,"jetpack_likes_enabled":true,"jetpack-related-posts":[],"jetpack_shortlink":"https:\/\/wp.me\/pcseDn-2mv","_links":{"self":[{"href":"https:\/\/webdealta.info\/index.php?rest_route=\/wp\/v2\/posts\/9083","targetHints":{"allow":["GET"]}}],"collection":[{"href":"https:\/\/webdealta.info\/index.php?rest_route=\/wp\/v2\/posts"}],"about":[{"href":"https:\/\/webdealta.info\/index.php?rest_route=\/wp\/v2\/types\/post"}],"author":[{"embeddable":true,"href":"https:\/\/webdealta.info\/index.php?rest_route=\/wp\/v2\/users\/2"}],"replies":[{"embeddable":true,"href":"https:\/\/webdealta.info\/index.php?rest_route=%2Fwp%2Fv2%2Fcomments&post=9083"}],"version-history":[{"count":1,"href":"https:\/\/webdealta.info\/index.php?rest_route=\/wp\/v2\/posts\/9083\/revisions"}],"predecessor-version":[{"id":9085,"href":"https:\/\/webdealta.info\/index.php?rest_route=\/wp\/v2\/posts\/9083\/revisions\/9085"}],"wp:featuredmedia":[{"embeddable":true,"href":"https:\/\/webdealta.info\/index.php?rest_route=\/wp\/v2\/media\/9084"}],"wp:attachment":[{"href":"https:\/\/webdealta.info\/index.php?rest_route=%2Fwp%2Fv2%2Fmedia&parent=9083"}],"wp:term":[{"taxonomy":"category","embeddable":true,"href":"https:\/\/webdealta.info\/index.php?rest_route=%2Fwp%2Fv2%2Fcategories&post=9083"},{"taxonomy":"post_tag","embeddable":true,"href":"https:\/\/webdealta.info\/index.php?rest_route=%2Fwp%2Fv2%2Ftags&post=9083"}],"curies":[{"name":"wp","href":"https:\/\/api.w.org\/{rel}","templated":true}]}}