{"id":9075,"date":"2024-12-30T15:14:34","date_gmt":"2024-12-30T19:14:34","guid":{"rendered":"https:\/\/webdealta.info\/?p=9075"},"modified":"2024-12-30T15:34:13","modified_gmt":"2024-12-30T19:34:13","slug":"comunicadores-guariquenos-galardonados-en-la-ii-edicion-del-premio-regional-de-periodismo","status":"publish","type":"post","link":"https:\/\/webdealta.info\/?p=9075","title":{"rendered":"Comunicadores guarique\u00f1os galardonados en la II edici\u00f3n del Premio Regional de Periodismo"},"content":{"rendered":"\n<p>En un emotivo acto realizado en las instalaciones del Hotel &amp; Spa Aguas Termales de<br>San Juan de los Morros, el gobernador del estado Gu\u00e1rico, Jos\u00e9 V\u00e1squez, encabez\u00f3 la<br>ceremonia de la II edici\u00f3n del Premio Regional de Periodismo Willian Lara 2024 junto<br>a G\u00e9nesis Sandoval, secretaria de Comunicaci\u00f3n del estado Gu\u00e1rico, Grevimar<br>Carpavire, presidenta del Sibci Gu\u00e1rico, Lic. Dayana Encinozo, presidenta del Consejo<br>Legislativo del estado bolivariano de Gu\u00e1rico, C\u00e9sar G\u00f3mez, rector de la Unerg, entre<br>otras personalidades del gremio.<br><br>Dicho acto inici\u00f3 con las palabras de Argenis Ranu\u00e1rez, periodista y cronista<br>reconocido en el estado Gu\u00e1rico, quien resalt\u00f3 el rol que cumple el periodista en la<br>actualidad y todas sus bondades, destacando que este debe estar apegado a la verdad y la<br>\u00e9tica.<br><br>La actividad cont\u00f3 con la participaci\u00f3n de representantes de diversos medios de<br>comunicaci\u00f3n de la entidad y se llev\u00f3 a cabo con el objetivo de reconocer la labor<br>incansable de los comunicadores sociales guarique\u00f1os, quienes a lo largo del a\u00f1o han<br>desempe\u00f1ado un papel fundamental en la difusi\u00f3n de informaci\u00f3n veraz y oportuna.<br>En su discurso, el gobernador V\u00e1squez destac\u00f3 la importancia del periodismo como<br>cuarto poder y resalt\u00f3 el compromiso de su gesti\u00f3n con la libertad de expresi\u00f3n y el<br>derecho a la informaci\u00f3n. Asimismo, felicit\u00f3 a todos los galardonados por su destacada<br>trayectoria profesional y los exhort\u00f3 a continuar trabajando en pro del desarrollo del<br>estado Gu\u00e1rico.<br><br>Asimismo, G\u00e9nesis Sandoval, secretaria de Comunicaci\u00f3n del estado Gu\u00e1rico, coment\u00f3<br>que dicho acto promovido por el l\u00edder regional, busca resaltar la importancia del<br>periodismo \u00e9tico y basado en la verdad y reconocer la labor de los periodistas como<br>l\u00edderes que destacan los valores y virtudes de Venezuela, de igual manera resalt\u00f3 \u201cpara<br>ser un buen comunicador social, es fundamental estudiar, investigar y mantener una<br>s\u00f3lida \u00e9tica profesional\u201d.<br><br>Por su parte, Grevimar Carpavire, presidenta de Sibci Gu\u00e1rico, mencion\u00f3 que dicho<br>evento se celebra en conmemoraci\u00f3n al D\u00eda del Periodista, y se basa en un concurso<br>donde los comunicadores presentan sus trabajos en diversas categor\u00edas, evaluados por<br>un jurado. Este premio honra la memoria de Willian Lara, un destacado periodista y<br>gobernador, y resalta la relevancia y el compromiso de la profesi\u00f3n period\u00edstica en todas<br>las \u00e9pocas.<\/p>\n\n\n\n<p>El evento que se desarroll\u00f3 en un ambiente de camarader\u00eda y celebraci\u00f3n, cont\u00f3 con la<br>participaci\u00f3n de autoridades locales, representantes de gremios period\u00edsticos y<br>personalidades destacadas de la regi\u00f3n.<br><br>Vale acotar que dicha premiaci\u00f3n fue creada por el gobernador, l\u00edder de la entidad<br>llanera Jos\u00e9 V\u00e1zquez, con el objetivo de reconocer el trabajo que realizan los periodistas<br>del estado Gu\u00e1rico y asimismo, impulsarlos a mejorar su desempe\u00f1o profesional en la<br>entidad.<br><br>Ganadores del Premio regional de Periodismo Willian Lara 2024<br><br>-Lauribel Rojas: Periodismo Audiovisual Comunitario y Alternativo<br>-Wilmer Jim\u00e9nez: Imagen Gr\u00e1fica, menci\u00f3n Fotograf\u00eda<br>-Orlando Medina: Periodismo, menci\u00f3n Opini\u00f3n<br>-Julio Rodr\u00edguez: Docencia e Investigaci\u00f3n<br>-Ismaury \u00c1lvarez: Periodismo Impreso, menci\u00f3n Informativo<br>-Manuel Mart\u00ednez: Periodismo Institucional<br>-Xiomara L\u00f3pez: Periodismo Interpretativo<br>-Aneida Barrag\u00e1n: Radio, menci\u00f3n Interpretativo<br>-Francy Garc\u00eda: Radio, menci\u00f3n Informativo<br>-Frabriuska Brea: Radio, menci\u00f3n Informativo<br>&#8211;<strong>Amanda Saldivia: Medios Digitales<\/strong><br>-Ana Bengochea: Redes Sociales, categor\u00eda X (Twitter)<br>-Mariel Romero: Redes Sociales, categor\u00eda Facebook<br>-Johara Mu\u00f1oz: Redes Sociales, categor\u00eda Instagram<br>-Adri\u00e1n Gonz\u00e1lez: Periodismo Deportivo<br>-Mar\u00eda Vargas: Medios Audiovisuales Informativos<br>-V\u00edctor Donaire: Radio, menci\u00f3n Opini\u00f3n<\/p>\n\n\n\n<p>Informaci\u00f3n Sibci Gu\u00e1rico<\/p>\n","protected":false},"excerpt":{"rendered":"<p>En un emotivo acto realizado en las instalaciones del Hotel &amp; Spa Aguas Termales deSan Juan de los Morros, el gobernador del estado Gu\u00e1rico, Jos\u00e9 V\u00e1squez, encabez\u00f3 laceremonia de la II edici\u00f3n del Premio Regional de Periodismo Willian Lara 2024 juntoa G\u00e9nesis Sandoval, secretaria de Comunicaci\u00f3n del estado Gu\u00e1rico, GrevimarCarpavire,<\/p>\n","protected":false},"author":2,"featured_media":9076,"comment_status":"open","ping_status":"open","sticky":false,"template":"","format":"standard","meta":{"advanced_seo_description":"","jetpack_seo_html_title":"","jetpack_seo_noindex":false,"_jetpack_memberships_contains_paid_content":false,"footnotes":"","jetpack_publicize_message":"","jetpack_publicize_feature_enabled":true,"jetpack_social_post_already_shared":true,"jetpack_social_options":{"image_generator_settings":{"template":"highway","enabled":false},"version":2}},"categories":[66,251],"tags":[8,7,32],"class_list":["post-9075","post","type-post","status-publish","format-standard","has-post-thumbnail","hentry","category-regionales","category-webdealta","tag-altagraciadeorituco","tag-guarico","tag-webdealta",""],"jetpack_publicize_connections":[],"jetpack_featured_media_url":"https:\/\/webdealta.info\/wp-content\/uploads\/2024\/12\/periodiatas-2024.png","jetpack_sharing_enabled":true,"jetpack_likes_enabled":true,"jetpack-related-posts":[],"jetpack_shortlink":"https:\/\/wp.me\/pcseDn-2mn","_links":{"self":[{"href":"https:\/\/webdealta.info\/index.php?rest_route=\/wp\/v2\/posts\/9075","targetHints":{"allow":["GET"]}}],"collection":[{"href":"https:\/\/webdealta.info\/index.php?rest_route=\/wp\/v2\/posts"}],"about":[{"href":"https:\/\/webdealta.info\/index.php?rest_route=\/wp\/v2\/types\/post"}],"author":[{"embeddable":true,"href":"https:\/\/webdealta.info\/index.php?rest_route=\/wp\/v2\/users\/2"}],"replies":[{"embeddable":true,"href":"https:\/\/webdealta.info\/index.php?rest_route=%2Fwp%2Fv2%2Fcomments&post=9075"}],"version-history":[{"count":1,"href":"https:\/\/webdealta.info\/index.php?rest_route=\/wp\/v2\/posts\/9075\/revisions"}],"predecessor-version":[{"id":9077,"href":"https:\/\/webdealta.info\/index.php?rest_route=\/wp\/v2\/posts\/9075\/revisions\/9077"}],"wp:featuredmedia":[{"embeddable":true,"href":"https:\/\/webdealta.info\/index.php?rest_route=\/wp\/v2\/media\/9076"}],"wp:attachment":[{"href":"https:\/\/webdealta.info\/index.php?rest_route=%2Fwp%2Fv2%2Fmedia&parent=9075"}],"wp:term":[{"taxonomy":"category","embeddable":true,"href":"https:\/\/webdealta.info\/index.php?rest_route=%2Fwp%2Fv2%2Fcategories&post=9075"},{"taxonomy":"post_tag","embeddable":true,"href":"https:\/\/webdealta.info\/index.php?rest_route=%2Fwp%2Fv2%2Ftags&post=9075"}],"curies":[{"name":"wp","href":"https:\/\/api.w.org\/{rel}","templated":true}]}}