{"id":9071,"date":"2024-12-30T15:07:07","date_gmt":"2024-12-30T19:07:07","guid":{"rendered":"https:\/\/webdealta.info\/?p=9071"},"modified":"2024-12-30T15:07:08","modified_gmt":"2024-12-30T19:07:08","slug":"mons-barreto-es-necesario-un-corazon-abierto-a-la-esperanza-que-es-cristo","status":"publish","type":"post","link":"https:\/\/webdealta.info\/?p=9071","title":{"rendered":"Mons. Barreto: \u201cEs necesario un coraz\u00f3n abierto a la esperanza que es Cristo\u201d"},"content":{"rendered":"\n<p>El pasado s\u00e1bado 28 de diciembre se realiz\u00f3 la apertura diocesana del a\u00f1o jubilar en la Di\u00f3cesis de Valle de la Pascua, presidida por Mons. Ricardo Barreto, ordinario del lugar y concelebrada por el clero diocesano.<\/p>\n\n\n\n<p>Los ritos iniciales comenzaron desde la plaza Bol\u00edvar donde se congregaron feligreses venidos de diversos arciprestazgos de la di\u00f3cesis, para luego salir en procesi\u00f3n con la Cruz jubilar hasta el atrio de la Catedral Ntra. Sra. de la Candelaria. Al llegar a la puerta de la catedral, Mons. Barreto levant\u00f3 la Cruz jubilar pronunciando la ant\u00edfona \u201cSalve, cruz de Cristo, \u00fanica esperanza\u201d<\/p>\n\n\n\n<p>Seguidamente la Cruz jubilar fue llevada por varios j\u00f3venes hasta el lugar dispuesto dentro de la catedral, para su p\u00fablica veneraci\u00f3n, mientras se entonaban las letan\u00edas de los Santos.<\/p>\n\n\n\n<p>Durante la homil\u00eda, Mons. Barreto expres\u00f3 que \u201cperegrinos somos todos, peregrinos de esperanza, y nuestra vida es un peregrinar, un avanzar hacia una meta. La vida es un peregrinaje, en el que se estaciona pierde, en el peregrinar hay que estar avanzado con la mirada puesta en la meta, y hay que saber hacia d\u00f3nde\u201d<\/p>\n\n\n\n<p>\u201cEstamos de paso en esta vida pero vamos hacia una direcci\u00f3n hacia un meta, y es precisamente la esperanza, que tiene un rostro y un coraz\u00f3n que es Jes\u00fas\u201d, destac\u00f3 Mons. Barreto<\/p>\n\n\n\n<p>Para el prelado, nuestra esperanza no es algo que tiene que ver con el despu\u00e9s, sino que tiene ra\u00edces en esta tierra, \u201cesa meta que es nuestra esperanza vino precisamente primero a nosotros, es ese Ni\u00f1o que ha nacido en Bel\u00e9n, El Salvador, el es nuestra esperanza\u201d<\/p>\n\n\n\n<p>Destac\u00f3 adem\u00e1s que las esperanzas meramente humanas, llamadas utop\u00edas o ideolog\u00edas, si defraudan. \u201cCuantas de estas han prometido lo que no han cumplido y han terminado en el fracaso. Pensemos en el social nacionalismo o el marxismo, prometieron el cielo en la tierra construyendo todo en una monta\u00f1a de cad\u00e1veres. Estas terminaron en una absoluta decepci\u00f3n\u201d<\/p>\n\n\n\n<p>Enfatiz\u00f3 que \u201cla \u00fanica esperanza que no defrauda es la de Cristo Jes\u00fas, que llena todas las expectativas nobles, sanas, de una felicidad que plenifica, no la de un instante o modo pasajera\u201d<\/p>\n\n\n\n<p>Para finalizar exhorto que \u201cde nuestra parte es necesario un coraz\u00f3n abierto para que la esperanza de Cristo pueda enraizar, meterse all\u00ed profundamente. Solo Cristo Jes\u00fas puede llenar todos los anhelos de felicidad qu\u00e9 hay en nuestros corazones. Estamos prepar\u00e1ndonos para la construcci\u00f3n de un plan de pastoral providencialmente en el a\u00f1o jubilar, que nos permita ser sinodal, misionera con rostro samaritano\u201d<\/p>\n\n\n\n<p>El a\u00f1o jubilar ordinario fue inaugurado por el Papa Francisco con la apertura de la Puerta Santa el 24 de diciembre de 2024 y culminar\u00e1 el 06 de enero de 2026, bajo el lema \u201cPeregrinos de la Esperanza\u201d<\/p>\n\n\n\n<p>\u00a0Padre y periodista Pedro Pablo Aguilar <a>@kefasar<\/a><\/p>\n\n\n\n<p><\/p>\n","protected":false},"excerpt":{"rendered":"<p>El pasado s\u00e1bado 28 de diciembre se realiz\u00f3 la apertura diocesana del a\u00f1o jubilar en la Di\u00f3cesis de Valle de la Pascua, presidida por Mons. Ricardo Barreto, ordinario del lugar y concelebrada por el clero diocesano. Los ritos iniciales comenzaron desde la plaza Bol\u00edvar donde se congregaron feligreses venidos de<\/p>\n","protected":false},"author":2,"featured_media":9072,"comment_status":"open","ping_status":"open","sticky":false,"template":"","format":"standard","meta":{"advanced_seo_description":"","jetpack_seo_html_title":"","jetpack_seo_noindex":false,"_jetpack_memberships_contains_paid_content":false,"footnotes":"","jetpack_publicize_message":"","jetpack_publicize_feature_enabled":true,"jetpack_social_post_already_shared":true,"jetpack_social_options":{"image_generator_settings":{"template":"highway","enabled":false},"version":2}},"categories":[42,251],"tags":[8,7,32],"class_list":["post-9071","post","type-post","status-publish","format-standard","has-post-thumbnail","hentry","category-iglesia-catolica","category-webdealta","tag-altagraciadeorituco","tag-guarico","tag-webdealta",""],"jetpack_publicize_connections":[],"jetpack_featured_media_url":"https:\/\/webdealta.info\/wp-content\/uploads\/2024\/12\/ano-jubilar.png","jetpack_sharing_enabled":true,"jetpack_likes_enabled":true,"jetpack-related-posts":[],"jetpack_shortlink":"https:\/\/wp.me\/pcseDn-2mj","_links":{"self":[{"href":"https:\/\/webdealta.info\/index.php?rest_route=\/wp\/v2\/posts\/9071","targetHints":{"allow":["GET"]}}],"collection":[{"href":"https:\/\/webdealta.info\/index.php?rest_route=\/wp\/v2\/posts"}],"about":[{"href":"https:\/\/webdealta.info\/index.php?rest_route=\/wp\/v2\/types\/post"}],"author":[{"embeddable":true,"href":"https:\/\/webdealta.info\/index.php?rest_route=\/wp\/v2\/users\/2"}],"replies":[{"embeddable":true,"href":"https:\/\/webdealta.info\/index.php?rest_route=%2Fwp%2Fv2%2Fcomments&post=9071"}],"version-history":[{"count":1,"href":"https:\/\/webdealta.info\/index.php?rest_route=\/wp\/v2\/posts\/9071\/revisions"}],"predecessor-version":[{"id":9073,"href":"https:\/\/webdealta.info\/index.php?rest_route=\/wp\/v2\/posts\/9071\/revisions\/9073"}],"wp:featuredmedia":[{"embeddable":true,"href":"https:\/\/webdealta.info\/index.php?rest_route=\/wp\/v2\/media\/9072"}],"wp:attachment":[{"href":"https:\/\/webdealta.info\/index.php?rest_route=%2Fwp%2Fv2%2Fmedia&parent=9071"}],"wp:term":[{"taxonomy":"category","embeddable":true,"href":"https:\/\/webdealta.info\/index.php?rest_route=%2Fwp%2Fv2%2Fcategories&post=9071"},{"taxonomy":"post_tag","embeddable":true,"href":"https:\/\/webdealta.info\/index.php?rest_route=%2Fwp%2Fv2%2Ftags&post=9071"}],"curies":[{"name":"wp","href":"https:\/\/api.w.org\/{rel}","templated":true}]}}