{"id":9067,"date":"2024-12-10T20:00:32","date_gmt":"2024-12-11T00:00:32","guid":{"rendered":"https:\/\/webdealta.info\/?p=9067"},"modified":"2024-12-10T20:00:32","modified_gmt":"2024-12-11T00:00:32","slug":"en-altagracia-el-festival-inter-nucleos-el-sistema-canta-en-navidad","status":"publish","type":"post","link":"https:\/\/webdealta.info\/?p=9067","title":{"rendered":"En Altagracia el Festival Inter-n\u00facleos El Sistema canta en Navidad"},"content":{"rendered":"\n<p>El Sistema de Orquestas y Coros Juveniles e Infantiles de Venezuela se prepara para celebrar el 50 aniversario, y Altagracia de Orituco est\u00e1 lista para disfrutar del Festival Inter-N\u00facleos, bajo el lema El Sistema canta en Navidad, presentaci\u00f3n pautada para el s\u00e1bado 14 de diciembre, a partir de las 11:00 am, en la cancha de La Cuman\u00e1.<\/p>\n\n\n\n<p>Este Festival Inter N\u00facleos se celebrar\u00e1 en todos los estados del pa\u00eds y en esta poblaci\u00f3n guarique\u00f1a contar\u00e1 con m\u00e1s de 250 ni\u00f1os, j\u00f3venes y adultos, que pertenecen al Programa Acad\u00e9mico Coral en escena, adem\u00e1s de la visita de integrantes del N\u00facleo de San Jos\u00e9 de Guaribe.<\/p>\n\n\n\n<p>Habr\u00e1 un repertorio coral navide\u00f1o, con algunos acompa\u00f1amientos orquestales, que se podr\u00e1 disfrutar en las instalaciones de la cancha, as\u00ed como tambi\u00e9n desde la comodidad de su casa, a trav\u00e9s de una transmisi\u00f3n EN VIVO en las redes sociales, Facebook e Instagram como: <a>@nucleoaltagracia<\/a><\/p>\n\n\n\n<p>Prensa El Sistema n\u00facleo Altagracia<br><br><\/p>\n","protected":false},"excerpt":{"rendered":"<p>El Sistema de Orquestas y Coros Juveniles e Infantiles de Venezuela se prepara para celebrar el 50 aniversario, y Altagracia de Orituco est\u00e1 lista para disfrutar del Festival Inter-N\u00facleos, bajo el lema El Sistema canta en Navidad, presentaci\u00f3n pautada para el s\u00e1bado 14 de diciembre, a partir de las 11:00<\/p>\n","protected":false},"author":2,"featured_media":9068,"comment_status":"open","ping_status":"open","sticky":false,"template":"","format":"standard","meta":{"advanced_seo_description":"","jetpack_seo_html_title":"","jetpack_seo_noindex":false,"_jetpack_memberships_contains_paid_content":false,"footnotes":"","jetpack_publicize_message":"","jetpack_publicize_feature_enabled":true,"jetpack_social_post_already_shared":true,"jetpack_social_options":{"image_generator_settings":{"template":"highway","enabled":false},"version":2}},"categories":[335,251],"tags":[8,7,32],"class_list":["post-9067","post","type-post","status-publish","format-standard","has-post-thumbnail","hentry","category-locales","category-webdealta","tag-altagraciadeorituco","tag-guarico","tag-webdealta",""],"jetpack_publicize_connections":[],"jetpack_featured_media_url":"https:\/\/webdealta.info\/wp-content\/uploads\/2024\/12\/sistema-webdealta-navidad.png","jetpack_sharing_enabled":true,"jetpack_likes_enabled":true,"jetpack-related-posts":[],"jetpack_shortlink":"https:\/\/wp.me\/pcseDn-2mf","_links":{"self":[{"href":"https:\/\/webdealta.info\/index.php?rest_route=\/wp\/v2\/posts\/9067","targetHints":{"allow":["GET"]}}],"collection":[{"href":"https:\/\/webdealta.info\/index.php?rest_route=\/wp\/v2\/posts"}],"about":[{"href":"https:\/\/webdealta.info\/index.php?rest_route=\/wp\/v2\/types\/post"}],"author":[{"embeddable":true,"href":"https:\/\/webdealta.info\/index.php?rest_route=\/wp\/v2\/users\/2"}],"replies":[{"embeddable":true,"href":"https:\/\/webdealta.info\/index.php?rest_route=%2Fwp%2Fv2%2Fcomments&post=9067"}],"version-history":[{"count":1,"href":"https:\/\/webdealta.info\/index.php?rest_route=\/wp\/v2\/posts\/9067\/revisions"}],"predecessor-version":[{"id":9069,"href":"https:\/\/webdealta.info\/index.php?rest_route=\/wp\/v2\/posts\/9067\/revisions\/9069"}],"wp:featuredmedia":[{"embeddable":true,"href":"https:\/\/webdealta.info\/index.php?rest_route=\/wp\/v2\/media\/9068"}],"wp:attachment":[{"href":"https:\/\/webdealta.info\/index.php?rest_route=%2Fwp%2Fv2%2Fmedia&parent=9067"}],"wp:term":[{"taxonomy":"category","embeddable":true,"href":"https:\/\/webdealta.info\/index.php?rest_route=%2Fwp%2Fv2%2Fcategories&post=9067"},{"taxonomy":"post_tag","embeddable":true,"href":"https:\/\/webdealta.info\/index.php?rest_route=%2Fwp%2Fv2%2Ftags&post=9067"}],"curies":[{"name":"wp","href":"https:\/\/api.w.org\/{rel}","templated":true}]}}