{"id":9051,"date":"2024-12-02T21:09:03","date_gmt":"2024-12-03T01:09:03","guid":{"rendered":"https:\/\/webdealta.info\/?p=9051"},"modified":"2024-12-02T21:09:04","modified_gmt":"2024-12-03T01:09:04","slug":"comenzaron-los-incendios-de-vegetacion-en-altagracia-de-orituco","status":"publish","type":"post","link":"https:\/\/webdealta.info\/?p=9051","title":{"rendered":"Comenzaron los incendios de vegetaci\u00f3n en Altagracia de Orituco"},"content":{"rendered":"\n<p>Amanda Saldivia.-<\/p>\n\n\n\n<p>A medida que avanza el per\u00edodo seco se incrementan los incendios de vegetaci\u00f3n, lo que amerita la actuaci\u00f3n de los funcionarios del Cuerpo de Bomberos Mayor Andr\u00e9 Fourneau de Altagracia de Orituco, quienes se encuentran activos para sofocar las llamas, tal como ocurri\u00f3 la semana pasada en los alrededores de la Estaci\u00f3n de V\u00e1lvula N50 de la Planta Compresora de Gas, ubicada en Ipare de Orituco.<\/p>\n\n\n\n<p>Al respecto, el general Denis Dur\u00e1n, comandante de ese cuartel bomberil, explic\u00f3 que se \u00abutilizaron t\u00e9cnicas de extinci\u00f3n de incendio para evitar una posible propagaci\u00f3n y minimizar el riesgos existente en la zona\u00bb. Sobre el origen, no descart\u00f3 la acci\u00f3n del hombre, lo que \u00abaunado a las altas temperaturas y la concentraci\u00f3n de maleza, facilit\u00f3 que se extendiera el fuego\u00bb.<\/p>\n\n\n\n<p>Por tal motivo, el general Dur\u00e1n reiter\u00f3 el llamado a los ciudadanos para que eviten encender fuego para limpiar \u00e1reas, ya que son altas las probabilidades de que se salga de control, lo que podr\u00eda acarrear p\u00e9rdida de bienes o afecciones a la salud de los ciudadanos, entre ellos al\u00e9rgicos, asm\u00e1ticos y con EPO.<\/p>\n\n\n\n<p><a>@amandasaldivia<\/a><br><br><\/p>\n","protected":false},"excerpt":{"rendered":"<p>Amanda Saldivia.- A medida que avanza el per\u00edodo seco se incrementan los incendios de vegetaci\u00f3n, lo que amerita la actuaci\u00f3n de los funcionarios del Cuerpo de Bomberos Mayor Andr\u00e9 Fourneau de Altagracia de Orituco, quienes se encuentran activos para sofocar las llamas, tal como ocurri\u00f3 la semana pasada en los<\/p>\n","protected":false},"author":2,"featured_media":9052,"comment_status":"open","ping_status":"open","sticky":false,"template":"","format":"standard","meta":{"advanced_seo_description":"","jetpack_seo_html_title":"","jetpack_seo_noindex":false,"_jetpack_memberships_contains_paid_content":false,"footnotes":"","jetpack_publicize_message":"","jetpack_publicize_feature_enabled":true,"jetpack_social_post_already_shared":true,"jetpack_social_options":{"image_generator_settings":{"template":"highway","enabled":false},"version":2}},"categories":[335,251],"tags":[8,7,32],"class_list":["post-9051","post","type-post","status-publish","format-standard","has-post-thumbnail","hentry","category-locales","category-webdealta","tag-altagraciadeorituco","tag-guarico","tag-webdealta",""],"jetpack_publicize_connections":[],"jetpack_featured_media_url":"https:\/\/webdealta.info\/wp-content\/uploads\/2024\/12\/incendoio-vegetascion-2024-webdealta.png","jetpack_sharing_enabled":true,"jetpack_likes_enabled":true,"jetpack-related-posts":[],"jetpack_shortlink":"https:\/\/wp.me\/pcseDn-2lZ","_links":{"self":[{"href":"https:\/\/webdealta.info\/index.php?rest_route=\/wp\/v2\/posts\/9051","targetHints":{"allow":["GET"]}}],"collection":[{"href":"https:\/\/webdealta.info\/index.php?rest_route=\/wp\/v2\/posts"}],"about":[{"href":"https:\/\/webdealta.info\/index.php?rest_route=\/wp\/v2\/types\/post"}],"author":[{"embeddable":true,"href":"https:\/\/webdealta.info\/index.php?rest_route=\/wp\/v2\/users\/2"}],"replies":[{"embeddable":true,"href":"https:\/\/webdealta.info\/index.php?rest_route=%2Fwp%2Fv2%2Fcomments&post=9051"}],"version-history":[{"count":1,"href":"https:\/\/webdealta.info\/index.php?rest_route=\/wp\/v2\/posts\/9051\/revisions"}],"predecessor-version":[{"id":9053,"href":"https:\/\/webdealta.info\/index.php?rest_route=\/wp\/v2\/posts\/9051\/revisions\/9053"}],"wp:featuredmedia":[{"embeddable":true,"href":"https:\/\/webdealta.info\/index.php?rest_route=\/wp\/v2\/media\/9052"}],"wp:attachment":[{"href":"https:\/\/webdealta.info\/index.php?rest_route=%2Fwp%2Fv2%2Fmedia&parent=9051"}],"wp:term":[{"taxonomy":"category","embeddable":true,"href":"https:\/\/webdealta.info\/index.php?rest_route=%2Fwp%2Fv2%2Fcategories&post=9051"},{"taxonomy":"post_tag","embeddable":true,"href":"https:\/\/webdealta.info\/index.php?rest_route=%2Fwp%2Fv2%2Ftags&post=9051"}],"curies":[{"name":"wp","href":"https:\/\/api.w.org\/{rel}","templated":true}]}}