{"id":9043,"date":"2024-11-25T21:19:33","date_gmt":"2024-11-26T01:19:33","guid":{"rendered":"https:\/\/webdealta.info\/?p=9043"},"modified":"2024-11-25T21:19:34","modified_gmt":"2024-11-26T01:19:34","slug":"bomberos-sofocaron-incendio-en-planta-compresora-de-gas-altagracia","status":"publish","type":"post","link":"https:\/\/webdealta.info\/?p=9043","title":{"rendered":"Bomberos sofocaron incendio en planta compresora de gas Altagracia"},"content":{"rendered":"\n<p>Amanda Saldivia.-<\/p>\n\n\n\n<p>Funcionarios del cuerpo de bomberos Andr\u00e9 Fourneau atendieron la emergencia que se suscit\u00f3 en la turbina n\u00famero 5 de la planta compresora de gas Altagracia, ubicada en la poblaci\u00f3n de Ipare de Orituco, municipio Jos\u00e9 Tadeo Monagas, Gu\u00e1rico.<\/p>\n\n\n\n<p>Hasta el momento se desconocen las causas del incendio que se registr\u00f3 en horas de la tarde de este lunes 25 de noviembre, el cual fue r\u00e1pidamente sofocado por efectivos de ese cuerpo bomberil.<\/p>\n\n\n\n<p>De acuerdo a la informaci\u00f3n aportada por el general Denis Dur\u00e1n, comandante del cuerpo de bomberos \u201cse trat\u00f3 de un incendio en la parte interna de la unidad turbo compresora n\u00famero 5 de gas, espec\u00edficamente en el \u00e1rea del compresor, consistiendo nuestra labor en extinguir la llamas y posterior refrescamiento de la estructura met\u00e1lica y as\u00ed minimizar el riesgo existente en la zona\u201d.<\/p>\n\n\n\n<p>Sobre las causas, el general Dur\u00e1n se\u00f1al\u00f3 que \u201cse desconocen, estamos en labores de investigaci\u00f3n\u201d.<br><br>@amandasaldivia    <br>fotos cortes\u00eda del cuerpo de bomberos<br><\/p>\n","protected":false},"excerpt":{"rendered":"<p>Amanda Saldivia.- Funcionarios del cuerpo de bomberos Andr\u00e9 Fourneau atendieron la emergencia que se suscit\u00f3 en la turbina n\u00famero 5 de la planta compresora de gas Altagracia, ubicada en la poblaci\u00f3n de Ipare de Orituco, municipio Jos\u00e9 Tadeo Monagas, Gu\u00e1rico. Hasta el momento se desconocen las causas del incendio que<\/p>\n","protected":false},"author":2,"featured_media":9044,"comment_status":"open","ping_status":"open","sticky":false,"template":"","format":"standard","meta":{"advanced_seo_description":"","jetpack_seo_html_title":"","jetpack_seo_noindex":false,"_jetpack_memberships_contains_paid_content":false,"footnotes":"","jetpack_publicize_message":"","jetpack_publicize_feature_enabled":true,"jetpack_social_post_already_shared":true,"jetpack_social_options":{"image_generator_settings":{"template":"highway","enabled":false},"version":2}},"categories":[335,251],"tags":[8,7,32],"class_list":["post-9043","post","type-post","status-publish","format-standard","has-post-thumbnail","hentry","category-locales","category-webdealta","tag-altagraciadeorituco","tag-guarico","tag-webdealta",""],"jetpack_publicize_connections":[],"jetpack_featured_media_url":"https:\/\/webdealta.info\/wp-content\/uploads\/2024\/11\/planta-compresora-bomberos-webdealta.png","jetpack_sharing_enabled":true,"jetpack_likes_enabled":true,"jetpack-related-posts":[],"jetpack_shortlink":"https:\/\/wp.me\/pcseDn-2lR","_links":{"self":[{"href":"https:\/\/webdealta.info\/index.php?rest_route=\/wp\/v2\/posts\/9043","targetHints":{"allow":["GET"]}}],"collection":[{"href":"https:\/\/webdealta.info\/index.php?rest_route=\/wp\/v2\/posts"}],"about":[{"href":"https:\/\/webdealta.info\/index.php?rest_route=\/wp\/v2\/types\/post"}],"author":[{"embeddable":true,"href":"https:\/\/webdealta.info\/index.php?rest_route=\/wp\/v2\/users\/2"}],"replies":[{"embeddable":true,"href":"https:\/\/webdealta.info\/index.php?rest_route=%2Fwp%2Fv2%2Fcomments&post=9043"}],"version-history":[{"count":1,"href":"https:\/\/webdealta.info\/index.php?rest_route=\/wp\/v2\/posts\/9043\/revisions"}],"predecessor-version":[{"id":9045,"href":"https:\/\/webdealta.info\/index.php?rest_route=\/wp\/v2\/posts\/9043\/revisions\/9045"}],"wp:featuredmedia":[{"embeddable":true,"href":"https:\/\/webdealta.info\/index.php?rest_route=\/wp\/v2\/media\/9044"}],"wp:attachment":[{"href":"https:\/\/webdealta.info\/index.php?rest_route=%2Fwp%2Fv2%2Fmedia&parent=9043"}],"wp:term":[{"taxonomy":"category","embeddable":true,"href":"https:\/\/webdealta.info\/index.php?rest_route=%2Fwp%2Fv2%2Fcategories&post=9043"},{"taxonomy":"post_tag","embeddable":true,"href":"https:\/\/webdealta.info\/index.php?rest_route=%2Fwp%2Fv2%2Ftags&post=9043"}],"curies":[{"name":"wp","href":"https:\/\/api.w.org\/{rel}","templated":true}]}}