{"id":9023,"date":"2024-11-13T20:54:12","date_gmt":"2024-11-14T00:54:12","guid":{"rendered":"https:\/\/webdealta.info\/?p=9023"},"modified":"2024-11-13T20:54:12","modified_gmt":"2024-11-14T00:54:12","slug":"san-rafael-de-orituco-apagones-afectan-otros-servicios-basicos","status":"publish","type":"post","link":"https:\/\/webdealta.info\/?p=9023","title":{"rendered":"San Rafael de Orituco: apagones afectan otros servicios b\u00e1sicos"},"content":{"rendered":"\n<p>Amanda Saldivia.-<br><br>San Rafael de Orituco es una de las poblaciones m\u00e1s golpeadas por el deterioro del servicio el\u00e9ctrico, porque cada suspensi\u00f3n afecta la comunicaci\u00f3n telef\u00f3nica residencial y el internet ABA; adem\u00e1s de que si la aver\u00eda o racionamiento coincide con la sectorizaci\u00f3n de agua potable, los vecinos no pueden encender los equipos para llenar los tanques.<\/p>\n\n\n\n<p>En ese poblado del municipio Jos\u00e9 Tadeo Monagas las fallas se han acentuado en los \u00faltimos meses, al punto de que ahora son m\u00e1s frecuentes en las madrugadas y el servicio es restablecido en horas de la ma\u00f1ana.<\/p>\n\n\n\n<p>\u201cAnoche se fue la luz a las 2:15 am y regres\u00f3 con variaciones en el voltaje que parec\u00eda un arbolito de Navidad, a eso de las 8:00 am fue que hubo un ajuste del voltaje y los equipos que tienen protectores empezaron a funcionar\u201d, se\u00f1al\u00f3 Evelin Antolinez, periodista residenciada en San Rafael, quien fue consultada por la Web de Altagracia.<\/p>\n\n\n\n<p>Sobre las consecuencias de las fallas y el racionamiento que no cesan en esa poblaci\u00f3n, se refiri\u00f3 otra vecina que prefiri\u00f3 que no se publicara su nombre. Al respecto, dijo \u201cesto ya no se aguanta, los alimentos se han da\u00f1ado en las neveras, un pueblo que depende de los dinamos para surtir agua\u2026el NODO de CANTV de la plaza se queda sin luz y se va el internet y el tel\u00e9fono fijo, esto afecta los puntos de venta y hasta los estudios\u00bb.<br><br>Para las consultadas, es importante que Corpoelec emita un comunicado en el cual informe sobre el origen de esa falla tan recurrente en la madrugada y qu\u00e9 gestiones est\u00e1 realizando para corregirla.<\/p>\n\n\n\n<p>@amandasaldivia\u00a0\u00a0<br><br><\/p>\n","protected":false},"excerpt":{"rendered":"<p>Amanda Saldivia.- San Rafael de Orituco es una de las poblaciones m\u00e1s golpeadas por el deterioro del servicio el\u00e9ctrico, porque cada suspensi\u00f3n afecta la comunicaci\u00f3n telef\u00f3nica residencial y el internet ABA; adem\u00e1s de que si la aver\u00eda o racionamiento coincide con la sectorizaci\u00f3n de agua potable, los vecinos no pueden<\/p>\n","protected":false},"author":2,"featured_media":9024,"comment_status":"open","ping_status":"open","sticky":false,"template":"","format":"standard","meta":{"advanced_seo_description":"","jetpack_seo_html_title":"","jetpack_seo_noindex":false,"_jetpack_memberships_contains_paid_content":false,"footnotes":"","jetpack_publicize_message":"","jetpack_publicize_feature_enabled":true,"jetpack_social_post_already_shared":true,"jetpack_social_options":{"image_generator_settings":{"template":"highway","enabled":false},"version":2}},"categories":[268,251],"tags":[8,7,32],"class_list":["post-9023","post","type-post","status-publish","format-standard","has-post-thumbnail","hentry","category-servicios-publicos","category-webdealta","tag-altagraciadeorituco","tag-guarico","tag-webdealta",""],"jetpack_publicize_connections":[],"jetpack_featured_media_url":"https:\/\/webdealta.info\/wp-content\/uploads\/2024\/11\/san-rafael-sin-luz-webdealta.png","jetpack_sharing_enabled":true,"jetpack_likes_enabled":true,"jetpack-related-posts":[],"jetpack_shortlink":"https:\/\/wp.me\/pcseDn-2lx","_links":{"self":[{"href":"https:\/\/webdealta.info\/index.php?rest_route=\/wp\/v2\/posts\/9023","targetHints":{"allow":["GET"]}}],"collection":[{"href":"https:\/\/webdealta.info\/index.php?rest_route=\/wp\/v2\/posts"}],"about":[{"href":"https:\/\/webdealta.info\/index.php?rest_route=\/wp\/v2\/types\/post"}],"author":[{"embeddable":true,"href":"https:\/\/webdealta.info\/index.php?rest_route=\/wp\/v2\/users\/2"}],"replies":[{"embeddable":true,"href":"https:\/\/webdealta.info\/index.php?rest_route=%2Fwp%2Fv2%2Fcomments&post=9023"}],"version-history":[{"count":1,"href":"https:\/\/webdealta.info\/index.php?rest_route=\/wp\/v2\/posts\/9023\/revisions"}],"predecessor-version":[{"id":9025,"href":"https:\/\/webdealta.info\/index.php?rest_route=\/wp\/v2\/posts\/9023\/revisions\/9025"}],"wp:featuredmedia":[{"embeddable":true,"href":"https:\/\/webdealta.info\/index.php?rest_route=\/wp\/v2\/media\/9024"}],"wp:attachment":[{"href":"https:\/\/webdealta.info\/index.php?rest_route=%2Fwp%2Fv2%2Fmedia&parent=9023"}],"wp:term":[{"taxonomy":"category","embeddable":true,"href":"https:\/\/webdealta.info\/index.php?rest_route=%2Fwp%2Fv2%2Fcategories&post=9023"},{"taxonomy":"post_tag","embeddable":true,"href":"https:\/\/webdealta.info\/index.php?rest_route=%2Fwp%2Fv2%2Ftags&post=9023"}],"curies":[{"name":"wp","href":"https:\/\/api.w.org\/{rel}","templated":true}]}}