{"id":9016,"date":"2024-11-08T12:05:23","date_gmt":"2024-11-08T16:05:23","guid":{"rendered":"https:\/\/webdealta.info\/?p=9016"},"modified":"2024-11-08T12:05:24","modified_gmt":"2024-11-08T16:05:24","slug":"camara-de-comercio-promueve-jornada-del-seguro-social-en-altagracia","status":"publish","type":"post","link":"https:\/\/webdealta.info\/?p=9016","title":{"rendered":"C\u00e1mara de Comercio promueve Jornada del Seguro Social en Altagracia"},"content":{"rendered":"\n<p>Amanda Saldivia.-<br><br>En alianza con la gerencia del IVSS de San Juan de los Morros, la C\u00e1mara de Comercio, Industria y Producci\u00f3n del municipio Jos\u00e9 Tadeo Monagas, realizar\u00e1 una nueva jornada especial del Seguro Social en Altagracia de Orituco, la cual se llevar\u00e1 a cabo los d\u00edas lunes 11, martes 12 y mi\u00e9rcoles 13 de noviembre, en la calle Libertad (estacionamiento de El Rey del San).<\/p>\n\n\n\n<p>Pablo Rojas, presidente de la C\u00e1mara de Comercio, invit\u00f3 a los agremiados o no, a participar en la actualizaci\u00f3n de tr\u00e1mites, tales como inscripci\u00f3n de nuevas empresas, desbloqueo de empresas, verificaci\u00f3n de los deberes formales y materiales de empresas, afiliaciones y continuaci\u00f3n facultativa.<\/p>\n\n\n\n<p>Como en ocasiones anteriores, Pablo Rojas resalt\u00f3 que si bien es cierto se atienden las necesidades del gremio, la intenci\u00f3n es m\u00e1s por la funci\u00f3n social de la C\u00e1mara de Comercio, en el sentido de brindar oportunidad a los ciudadanos en general, sobre todo adultos mayores pendientes con afiliaciones, cambio de banco u otro tr\u00e1mite, sin necesidad de trasladarse a San Juan de los Morros.<\/p>\n\n\n\n<p>@amandasaldivia\u00a0\u00a0<br><br><\/p>\n","protected":false},"excerpt":{"rendered":"<p>Amanda Saldivia.- En alianza con la gerencia del IVSS de San Juan de los Morros, la C\u00e1mara de Comercio, Industria y Producci\u00f3n del municipio Jos\u00e9 Tadeo Monagas, realizar\u00e1 una nueva jornada especial del Seguro Social en Altagracia de Orituco, la cual se llevar\u00e1 a cabo los d\u00edas lunes 11, martes<\/p>\n","protected":false},"author":2,"featured_media":9017,"comment_status":"open","ping_status":"open","sticky":false,"template":"","format":"standard","meta":{"advanced_seo_description":"","jetpack_seo_html_title":"","jetpack_seo_noindex":false,"_jetpack_memberships_contains_paid_content":false,"footnotes":"","jetpack_publicize_message":"","jetpack_publicize_feature_enabled":true,"jetpack_social_post_already_shared":true,"jetpack_social_options":{"image_generator_settings":{"template":"highway","enabled":false},"version":2}},"categories":[310,251],"tags":[8,7,32],"class_list":["post-9016","post","type-post","status-publish","format-standard","has-post-thumbnail","hentry","category-camara-de-comercio","category-webdealta","tag-altagraciadeorituco","tag-guarico","tag-webdealta",""],"jetpack_publicize_connections":[],"jetpack_featured_media_url":"https:\/\/webdealta.info\/wp-content\/uploads\/2024\/11\/jornada-del-seguro-social.png","jetpack_sharing_enabled":true,"jetpack_likes_enabled":true,"jetpack-related-posts":[],"jetpack_shortlink":"https:\/\/wp.me\/pcseDn-2lq","_links":{"self":[{"href":"https:\/\/webdealta.info\/index.php?rest_route=\/wp\/v2\/posts\/9016","targetHints":{"allow":["GET"]}}],"collection":[{"href":"https:\/\/webdealta.info\/index.php?rest_route=\/wp\/v2\/posts"}],"about":[{"href":"https:\/\/webdealta.info\/index.php?rest_route=\/wp\/v2\/types\/post"}],"author":[{"embeddable":true,"href":"https:\/\/webdealta.info\/index.php?rest_route=\/wp\/v2\/users\/2"}],"replies":[{"embeddable":true,"href":"https:\/\/webdealta.info\/index.php?rest_route=%2Fwp%2Fv2%2Fcomments&post=9016"}],"version-history":[{"count":1,"href":"https:\/\/webdealta.info\/index.php?rest_route=\/wp\/v2\/posts\/9016\/revisions"}],"predecessor-version":[{"id":9018,"href":"https:\/\/webdealta.info\/index.php?rest_route=\/wp\/v2\/posts\/9016\/revisions\/9018"}],"wp:featuredmedia":[{"embeddable":true,"href":"https:\/\/webdealta.info\/index.php?rest_route=\/wp\/v2\/media\/9017"}],"wp:attachment":[{"href":"https:\/\/webdealta.info\/index.php?rest_route=%2Fwp%2Fv2%2Fmedia&parent=9016"}],"wp:term":[{"taxonomy":"category","embeddable":true,"href":"https:\/\/webdealta.info\/index.php?rest_route=%2Fwp%2Fv2%2Fcategories&post=9016"},{"taxonomy":"post_tag","embeddable":true,"href":"https:\/\/webdealta.info\/index.php?rest_route=%2Fwp%2Fv2%2Ftags&post=9016"}],"curies":[{"name":"wp","href":"https:\/\/api.w.org\/{rel}","templated":true}]}}