{"id":9004,"date":"2024-10-30T20:23:22","date_gmt":"2024-10-31T00:23:22","guid":{"rendered":"https:\/\/webdealta.info\/?p=9004"},"modified":"2024-10-30T20:23:24","modified_gmt":"2024-10-31T00:23:24","slug":"preescolar-camejo-cerro-aniversario-nro-53-con-eucaristia","status":"publish","type":"post","link":"https:\/\/webdealta.info\/?p=9004","title":{"rendered":"Preescolar Camejo cerr\u00f3 aniversario Nro. 53 con eucarist\u00eda"},"content":{"rendered":"\n<p>Amanda Saldivia.-<\/p>\n\n\n\n<p>El padre Alfonso Mota celebr\u00f3 una eucarist\u00eda especial en el auditorio de la E.B Jos\u00e9 Ram\u00f3n Camejo, con motivo del aniversario n\u00famero 53 del preescolar de esa instituci\u00f3n educativa de Altagracia de Orituco, Gu\u00e1rico.<\/p>\n\n\n\n<p>Esa actividad religiosa se realiz\u00f3 en la ma\u00f1ana de este mi\u00e9rcoles 30 de octubre, con la participaci\u00f3n de estudiantes, padres, representantes, personal docente, administrativo y ambientalistas del nivel de Educaci\u00f3n Primaria e Inicial, de acuerdo a la informaci\u00f3n aportada por la profesora Fiore Campos, coordinadora de Formaci\u00f3n del Centro para el Desarrollo de la Calidad Educativa Jos\u00e9 Tadeo Monagas.<\/p>\n\n\n\n<p>El preescolar Jos\u00e9 Ram\u00f3n Camejo tiene una matr\u00edcula actual de 182 estudiantes y en los \u00faltimos d\u00edas se despleg\u00f3 una jornada especial para resaltar que hace 53 a\u00f1os comenz\u00f3 la formaci\u00f3n en ese nivel educativo.<\/p>\n\n\n\n<p>@amandasaldivia&nbsp;&nbsp;&nbsp;&nbsp;<\/p>\n","protected":false},"excerpt":{"rendered":"<p>Amanda Saldivia.- El padre Alfonso Mota celebr\u00f3 una eucarist\u00eda especial en el auditorio de la E.B Jos\u00e9 Ram\u00f3n Camejo, con motivo del aniversario n\u00famero 53 del preescolar de esa instituci\u00f3n educativa de Altagracia de Orituco, Gu\u00e1rico. Esa actividad religiosa se realiz\u00f3 en la ma\u00f1ana de este mi\u00e9rcoles 30 de octubre,<\/p>\n","protected":false},"author":2,"featured_media":9005,"comment_status":"open","ping_status":"open","sticky":false,"template":"","format":"standard","meta":{"advanced_seo_description":"","jetpack_seo_html_title":"","jetpack_seo_noindex":false,"_jetpack_memberships_contains_paid_content":false,"footnotes":"","jetpack_publicize_message":"","jetpack_publicize_feature_enabled":true,"jetpack_social_post_already_shared":true,"jetpack_social_options":{"image_generator_settings":{"template":"highway","enabled":false},"version":2}},"categories":[151,251],"tags":[8,7,32],"class_list":["post-9004","post","type-post","status-publish","format-standard","has-post-thumbnail","hentry","category-educacion","category-webdealta","tag-altagraciadeorituco","tag-guarico","tag-webdealta",""],"jetpack_publicize_connections":[],"jetpack_featured_media_url":"https:\/\/webdealta.info\/wp-content\/uploads\/2024\/10\/camejo-webdealta-miercoles-30.png","jetpack_sharing_enabled":true,"jetpack_likes_enabled":true,"jetpack-related-posts":[],"jetpack_shortlink":"https:\/\/wp.me\/pcseDn-2le","_links":{"self":[{"href":"https:\/\/webdealta.info\/index.php?rest_route=\/wp\/v2\/posts\/9004","targetHints":{"allow":["GET"]}}],"collection":[{"href":"https:\/\/webdealta.info\/index.php?rest_route=\/wp\/v2\/posts"}],"about":[{"href":"https:\/\/webdealta.info\/index.php?rest_route=\/wp\/v2\/types\/post"}],"author":[{"embeddable":true,"href":"https:\/\/webdealta.info\/index.php?rest_route=\/wp\/v2\/users\/2"}],"replies":[{"embeddable":true,"href":"https:\/\/webdealta.info\/index.php?rest_route=%2Fwp%2Fv2%2Fcomments&post=9004"}],"version-history":[{"count":1,"href":"https:\/\/webdealta.info\/index.php?rest_route=\/wp\/v2\/posts\/9004\/revisions"}],"predecessor-version":[{"id":9006,"href":"https:\/\/webdealta.info\/index.php?rest_route=\/wp\/v2\/posts\/9004\/revisions\/9006"}],"wp:featuredmedia":[{"embeddable":true,"href":"https:\/\/webdealta.info\/index.php?rest_route=\/wp\/v2\/media\/9005"}],"wp:attachment":[{"href":"https:\/\/webdealta.info\/index.php?rest_route=%2Fwp%2Fv2%2Fmedia&parent=9004"}],"wp:term":[{"taxonomy":"category","embeddable":true,"href":"https:\/\/webdealta.info\/index.php?rest_route=%2Fwp%2Fv2%2Fcategories&post=9004"},{"taxonomy":"post_tag","embeddable":true,"href":"https:\/\/webdealta.info\/index.php?rest_route=%2Fwp%2Fv2%2Ftags&post=9004"}],"curies":[{"name":"wp","href":"https:\/\/api.w.org\/{rel}","templated":true}]}}