{"id":9000,"date":"2024-10-29T20:40:23","date_gmt":"2024-10-30T00:40:23","guid":{"rendered":"https:\/\/webdealta.info\/?p=9000"},"modified":"2024-10-29T20:40:23","modified_gmt":"2024-10-30T00:40:23","slug":"escuela-abelardo-mendez-celebro-el-57-aniversario","status":"publish","type":"post","link":"https:\/\/webdealta.info\/?p=9000","title":{"rendered":"Escuela Abelardo M\u00e9ndez celebr\u00f3 el 57 aniversario"},"content":{"rendered":"\n<p>Amanda Saldivia.-&nbsp;<\/p>\n\n\n\n<p>El homenaje a los maestros jubilados Nelly Leal y Fidel Bandr\u00e9s, la presentaci\u00f3n de actos culturales y el compartir con m\u00e1s de 15 tortas, fue el cierre de la semana aniversario de la escuela b\u00e1sica Abelardo M\u00e9ndez de Camoruco, instituci\u00f3n que cumpli\u00f3 57 a\u00f1os de fundada.<\/p>\n\n\n\n<p>La oportunidad fue propicia para recordar a directores y maestros, adem\u00e1s de&nbsp; estrenar las mejoras realizadas al escenario con recursos aportados por ex alumnos y otros colaboradores, aspectos que fueron destacados por la profesora Digna Dorta, directora de la instituci\u00f3n, quien dio las palabras de bienvenida.<\/p>\n\n\n\n<p>Seguidamente, Sof\u00eda Delgado, estudiante de sexto grado, ley\u00f3 la rese\u00f1a hist\u00f3rica de la instituci\u00f3n e hizo menci\u00f3n a directores destacados, entre ellos Ascensi\u00f3n Banezca y Dora Delgado.<\/p>\n\n\n\n<p>Por su parte, Maryuri Castillo, una de las docentes que integra la comisi\u00f3n de Cultura, agradeci\u00f3 en nombre del equipo organizador el apoyo que recibieron de docentes, representantes y ambientalistas que se unieron para el \u00e9xito del aniversario n\u00famero 57.<\/p>\n\n\n\n<p>Durante el desarrollo de la celebraci\u00f3n, el pasado viernes 25 de octubre, el p\u00fablico recibi\u00f3 con aplausos a los integrantes de la agrupaci\u00f3n de danzas Encantos de mi Tierra, a los m\u00fasicos Cimarrones de Altagracia y a los estudiantes que presentaron los actos culturales.<\/p>\n\n\n\n<p>@amandasaldivia&nbsp;&nbsp;&nbsp;&nbsp;&nbsp;&nbsp;&nbsp;&nbsp;<\/p>\n\n\n\n<p><\/p>\n","protected":false},"excerpt":{"rendered":"<p>Amanda Saldivia.-&nbsp; El homenaje a los maestros jubilados Nelly Leal y Fidel Bandr\u00e9s, la presentaci\u00f3n de actos culturales y el compartir con m\u00e1s de 15 tortas, fue el cierre de la semana aniversario de la escuela b\u00e1sica Abelardo M\u00e9ndez de Camoruco, instituci\u00f3n que cumpli\u00f3 57 a\u00f1os de fundada. La oportunidad<\/p>\n","protected":false},"author":2,"featured_media":9001,"comment_status":"open","ping_status":"open","sticky":false,"template":"","format":"standard","meta":{"advanced_seo_description":"","jetpack_seo_html_title":"","jetpack_seo_noindex":false,"_jetpack_memberships_contains_paid_content":false,"footnotes":"","jetpack_publicize_message":"","jetpack_publicize_feature_enabled":true,"jetpack_social_post_already_shared":true,"jetpack_social_options":{"image_generator_settings":{"template":"highway","enabled":false},"version":2}},"categories":[151,251],"tags":[8,7,32],"class_list":["post-9000","post","type-post","status-publish","format-standard","has-post-thumbnail","hentry","category-educacion","category-webdealta","tag-altagraciadeorituco","tag-guarico","tag-webdealta",""],"jetpack_publicize_connections":[],"jetpack_featured_media_url":"https:\/\/webdealta.info\/wp-content\/uploads\/2024\/10\/abelardo-webdealta-escuela.png","jetpack_sharing_enabled":true,"jetpack_likes_enabled":true,"jetpack-related-posts":[],"jetpack_shortlink":"https:\/\/wp.me\/pcseDn-2la","_links":{"self":[{"href":"https:\/\/webdealta.info\/index.php?rest_route=\/wp\/v2\/posts\/9000","targetHints":{"allow":["GET"]}}],"collection":[{"href":"https:\/\/webdealta.info\/index.php?rest_route=\/wp\/v2\/posts"}],"about":[{"href":"https:\/\/webdealta.info\/index.php?rest_route=\/wp\/v2\/types\/post"}],"author":[{"embeddable":true,"href":"https:\/\/webdealta.info\/index.php?rest_route=\/wp\/v2\/users\/2"}],"replies":[{"embeddable":true,"href":"https:\/\/webdealta.info\/index.php?rest_route=%2Fwp%2Fv2%2Fcomments&post=9000"}],"version-history":[{"count":1,"href":"https:\/\/webdealta.info\/index.php?rest_route=\/wp\/v2\/posts\/9000\/revisions"}],"predecessor-version":[{"id":9002,"href":"https:\/\/webdealta.info\/index.php?rest_route=\/wp\/v2\/posts\/9000\/revisions\/9002"}],"wp:featuredmedia":[{"embeddable":true,"href":"https:\/\/webdealta.info\/index.php?rest_route=\/wp\/v2\/media\/9001"}],"wp:attachment":[{"href":"https:\/\/webdealta.info\/index.php?rest_route=%2Fwp%2Fv2%2Fmedia&parent=9000"}],"wp:term":[{"taxonomy":"category","embeddable":true,"href":"https:\/\/webdealta.info\/index.php?rest_route=%2Fwp%2Fv2%2Fcategories&post=9000"},{"taxonomy":"post_tag","embeddable":true,"href":"https:\/\/webdealta.info\/index.php?rest_route=%2Fwp%2Fv2%2Ftags&post=9000"}],"curies":[{"name":"wp","href":"https:\/\/api.w.org\/{rel}","templated":true}]}}