{"id":8996,"date":"2024-10-23T20:03:28","date_gmt":"2024-10-24T00:03:28","guid":{"rendered":"https:\/\/webdealta.info\/?p=8996"},"modified":"2024-10-23T20:03:29","modified_gmt":"2024-10-24T00:03:29","slug":"instalaron-paneles-solares-en-el-faro-del-monumento-natural-aristides-rojas","status":"publish","type":"post","link":"https:\/\/webdealta.info\/?p=8996","title":{"rendered":"Instalaron paneles solares en el Faro del monumento natural Ar\u00edstides Rojas"},"content":{"rendered":"\n<p><strong>Amanda Saldivia.-<\/strong>\u00a0<\/p>\n\n\n\n<p>Con la instalaci\u00f3n de paneles solares para dar independencia y continuidad al suministro de energ\u00eda el\u00e9ctrica, culmin\u00f3 al 100 por ciento los trabajos en el \u201cfaro como s\u00edmbolo hist\u00f3rico del monumento natural Ar\u00edstides Rojas, conocido popularmente como los Morros de San Juan\u201d, inform\u00f3 el GD. Luiger Ugas Medina, Secretario de Seguridad y Defensa Ciudadana de Gu\u00e1rico.<br><br>El anuncio y las fotograf\u00edas las comparti\u00f3 el GD. Ugas, este mi\u00e9rcoles 23 de octubre, con medios de comunicaci\u00f3n social, ocasi\u00f3n en la cual destac\u00f3 \u201cla coordinaci\u00f3n y planificaci\u00f3n con el MG. Royman Hern\u00e1ndez, Comandante de la Redi los Llanos, el GD. Anderson Rend\u00f3n, Comandante de la ZODI N\u00b0 35 Gu\u00e1rico\u201d y la Secretar\u00eda que dirige, para llevar adelante el proceso de traslado e instalaci\u00f3n de los equipos.<\/p>\n\n\n\n<p>Al respecto precis\u00f3, que junto a la tripulaci\u00f3n del helic\u00f3ptero COUGAR de la Aviaci\u00f3n Militar Bolivariana se ejecut\u00f3 \u201cla misi\u00f3n a\u00e9rea de alto impacto positivo en el territorio guarique\u00f1o, y consolidar la segunda fase de la Activaci\u00f3n del Faro en el Monumento Natural Ar\u00edstides Rojas ordenado por el Presidente de la Rep\u00fablica Bolivariana de Venezuela, Nicol\u00e1s Maduro Moros, bajo los lineamientos del gobernador del estado Gu\u00e1rico, Jos\u00e9 V\u00e1squez Aranguren, en ocasi\u00f3n del \u00abD\u00eda de San Juan\u00bb el pasado 24 de Junio\u201d.<br><br>@amandasaldivia \u00a0 \u00a0<\/p>\n\n\n\n<p>Fotograf\u00edas cortes\u00eda de Secretar\u00eda de Seguridad&nbsp; y Defensa Ciudadana de Gu\u00e1rico<\/p>\n","protected":false},"excerpt":{"rendered":"<p>Amanda Saldivia.-\u00a0 Con la instalaci\u00f3n de paneles solares para dar independencia y continuidad al suministro de energ\u00eda el\u00e9ctrica, culmin\u00f3 al 100 por ciento los trabajos en el \u201cfaro como s\u00edmbolo hist\u00f3rico del monumento natural Ar\u00edstides Rojas, conocido popularmente como los Morros de San Juan\u201d, inform\u00f3 el GD. Luiger Ugas Medina,<\/p>\n","protected":false},"author":2,"featured_media":8997,"comment_status":"open","ping_status":"open","sticky":false,"template":"","format":"standard","meta":{"advanced_seo_description":"","jetpack_seo_html_title":"","jetpack_seo_noindex":false,"_jetpack_memberships_contains_paid_content":false,"footnotes":"","jetpack_publicize_message":"","jetpack_publicize_feature_enabled":true,"jetpack_social_post_already_shared":true,"jetpack_social_options":{"image_generator_settings":{"template":"highway","enabled":false},"version":2}},"categories":[66,251],"tags":[8,7,32],"class_list":["post-8996","post","type-post","status-publish","format-standard","has-post-thumbnail","hentry","category-regionales","category-webdealta","tag-altagraciadeorituco","tag-guarico","tag-webdealta",""],"jetpack_publicize_connections":[],"jetpack_featured_media_url":"https:\/\/webdealta.info\/wp-content\/uploads\/2024\/10\/luz-en-el-faro-webdealta.png","jetpack_sharing_enabled":true,"jetpack_likes_enabled":true,"jetpack-related-posts":[],"jetpack_shortlink":"https:\/\/wp.me\/pcseDn-2l6","_links":{"self":[{"href":"https:\/\/webdealta.info\/index.php?rest_route=\/wp\/v2\/posts\/8996","targetHints":{"allow":["GET"]}}],"collection":[{"href":"https:\/\/webdealta.info\/index.php?rest_route=\/wp\/v2\/posts"}],"about":[{"href":"https:\/\/webdealta.info\/index.php?rest_route=\/wp\/v2\/types\/post"}],"author":[{"embeddable":true,"href":"https:\/\/webdealta.info\/index.php?rest_route=\/wp\/v2\/users\/2"}],"replies":[{"embeddable":true,"href":"https:\/\/webdealta.info\/index.php?rest_route=%2Fwp%2Fv2%2Fcomments&post=8996"}],"version-history":[{"count":1,"href":"https:\/\/webdealta.info\/index.php?rest_route=\/wp\/v2\/posts\/8996\/revisions"}],"predecessor-version":[{"id":8998,"href":"https:\/\/webdealta.info\/index.php?rest_route=\/wp\/v2\/posts\/8996\/revisions\/8998"}],"wp:featuredmedia":[{"embeddable":true,"href":"https:\/\/webdealta.info\/index.php?rest_route=\/wp\/v2\/media\/8997"}],"wp:attachment":[{"href":"https:\/\/webdealta.info\/index.php?rest_route=%2Fwp%2Fv2%2Fmedia&parent=8996"}],"wp:term":[{"taxonomy":"category","embeddable":true,"href":"https:\/\/webdealta.info\/index.php?rest_route=%2Fwp%2Fv2%2Fcategories&post=8996"},{"taxonomy":"post_tag","embeddable":true,"href":"https:\/\/webdealta.info\/index.php?rest_route=%2Fwp%2Fv2%2Ftags&post=8996"}],"curies":[{"name":"wp","href":"https:\/\/api.w.org\/{rel}","templated":true}]}}