{"id":8988,"date":"2024-10-21T21:47:55","date_gmt":"2024-10-22T01:47:55","guid":{"rendered":"https:\/\/webdealta.info\/?p=8988"},"modified":"2024-10-21T21:47:55","modified_gmt":"2024-10-22T01:47:55","slug":"la-mujer-es-salud-lema-de-la-jornada-del-mes-rosa-en-el-cdi-altagracia","status":"publish","type":"post","link":"https:\/\/webdealta.info\/?p=8988","title":{"rendered":"La Mujer es Salud lema de la jornada del Mes Rosa en el CDI Altagracia"},"content":{"rendered":"\n<p>Amanda Saldivia.-<\/p>\n\n\n\n<p>Bajo el lema La Mujer es Salud, se llev\u00f3 a cabo una jornada dirigida al personal administrativo, obrero y asistencial del CDI Ricardo Isidro Bernal Ramos de Altagracia de Orituco, con la finalidad de sensibilizar sobre el c\u00e1ncer de mamas y otras patolog\u00edas ginecol\u00f3gicas en el marco del Mes Rosa, seg\u00fan declar\u00f3 el licenciado Margarito Quintana, coordinador de esa instituci\u00f3n.<\/p>\n\n\n\n<p>Las charlas se realizaron en la ma\u00f1ana de este lunes 21 de octubre en la sede del CDI y estuvieron a cargo de las doctoras Milvia Garc\u00eda, presidente del Centro M\u00e9dico Orituco y Diana Khoiry, m\u00e9dico de Planificaci\u00f3n Familiar.&nbsp;<\/p>\n\n\n\n<p>La doctora Garc\u00eda hizo \u00e9nfasis en \u201clos factores de riesgo, los factores protectores del c\u00e1ncer de mamas\u201d, adem\u00e1s de la autoexploraci\u00f3n, con la alerta de que los hombres deben tener conocimiento de esta patolog\u00eda, porque hay un porcentaje que lo puede padecer.<\/p>\n\n\n\n<p>Por su parte, la doctora Khoiry tambi\u00e9n abord\u00f3 la tem\u00e1tica del c\u00e1ncer de mamas, adem\u00e1s de incorporar la importancia del examen citol\u00f3gico para detectar otras patolog\u00edas, entre ellas el c\u00e1ncer de cuello uterino. <\/p>\n\n\n\n<p>La iniciativa de estas charlas dirigidas al personal de CDI fue del equipo gerencial, integrado por el licenciado Margarito Quintana, coordinador; acompa\u00f1ado por la licenciada Milagros Carucho, jefa de enfermer\u00eda del ASIC y la licenciada Alicia Liscano, coordinadora de enfermer\u00eda de esa instituci\u00f3n.<\/p>\n\n\n\n<p>@amandasaldivia\u00a0\u00a0\u00a0\u00a0\u00a0<br><br><\/p>\n","protected":false},"excerpt":{"rendered":"<p>Amanda Saldivia.- Bajo el lema La Mujer es Salud, se llev\u00f3 a cabo una jornada dirigida al personal administrativo, obrero y asistencial del CDI Ricardo Isidro Bernal Ramos de Altagracia de Orituco, con la finalidad de sensibilizar sobre el c\u00e1ncer de mamas y otras patolog\u00edas ginecol\u00f3gicas en el marco del<\/p>\n","protected":false},"author":2,"featured_media":8989,"comment_status":"open","ping_status":"open","sticky":false,"template":"","format":"standard","meta":{"advanced_seo_description":"","jetpack_seo_html_title":"","jetpack_seo_noindex":false,"_jetpack_memberships_contains_paid_content":false,"footnotes":"","jetpack_publicize_message":"","jetpack_publicize_feature_enabled":true,"jetpack_social_post_already_shared":true,"jetpack_social_options":{"image_generator_settings":{"template":"highway","enabled":false},"version":2}},"categories":[12,251],"tags":[8,7,32],"class_list":["post-8988","post","type-post","status-publish","format-standard","has-post-thumbnail","hentry","category-salud","category-webdealta","tag-altagraciadeorituco","tag-guarico","tag-webdealta",""],"jetpack_publicize_connections":[],"jetpack_featured_media_url":"https:\/\/webdealta.info\/wp-content\/uploads\/2024\/10\/cdi-mamas-webdealta.png","jetpack_sharing_enabled":true,"jetpack_likes_enabled":true,"jetpack-related-posts":[],"jetpack_shortlink":"https:\/\/wp.me\/pcseDn-2kY","_links":{"self":[{"href":"https:\/\/webdealta.info\/index.php?rest_route=\/wp\/v2\/posts\/8988","targetHints":{"allow":["GET"]}}],"collection":[{"href":"https:\/\/webdealta.info\/index.php?rest_route=\/wp\/v2\/posts"}],"about":[{"href":"https:\/\/webdealta.info\/index.php?rest_route=\/wp\/v2\/types\/post"}],"author":[{"embeddable":true,"href":"https:\/\/webdealta.info\/index.php?rest_route=\/wp\/v2\/users\/2"}],"replies":[{"embeddable":true,"href":"https:\/\/webdealta.info\/index.php?rest_route=%2Fwp%2Fv2%2Fcomments&post=8988"}],"version-history":[{"count":1,"href":"https:\/\/webdealta.info\/index.php?rest_route=\/wp\/v2\/posts\/8988\/revisions"}],"predecessor-version":[{"id":8990,"href":"https:\/\/webdealta.info\/index.php?rest_route=\/wp\/v2\/posts\/8988\/revisions\/8990"}],"wp:featuredmedia":[{"embeddable":true,"href":"https:\/\/webdealta.info\/index.php?rest_route=\/wp\/v2\/media\/8989"}],"wp:attachment":[{"href":"https:\/\/webdealta.info\/index.php?rest_route=%2Fwp%2Fv2%2Fmedia&parent=8988"}],"wp:term":[{"taxonomy":"category","embeddable":true,"href":"https:\/\/webdealta.info\/index.php?rest_route=%2Fwp%2Fv2%2Fcategories&post=8988"},{"taxonomy":"post_tag","embeddable":true,"href":"https:\/\/webdealta.info\/index.php?rest_route=%2Fwp%2Fv2%2Ftags&post=8988"}],"curies":[{"name":"wp","href":"https:\/\/api.w.org\/{rel}","templated":true}]}}