{"id":8985,"date":"2024-10-20T19:22:57","date_gmt":"2024-10-20T23:22:57","guid":{"rendered":"https:\/\/webdealta.info\/?p=8985"},"modified":"2024-10-20T19:22:58","modified_gmt":"2024-10-20T23:22:58","slug":"funpmac-fortalecida-con-mas-talleres-y-actualizacion-de-directiva","status":"publish","type":"post","link":"https:\/\/webdealta.info\/?p=8985","title":{"rendered":"FUNPMAC fortalecida con m\u00e1s talleres y actualizaci\u00f3n de directiva"},"content":{"rendered":"\n<p>Amanda Saldivia.-<\/p>\n\n\n\n<p>La celebraci\u00f3n del aniversario n\u00famero 42 de la Fundaci\u00f3n Dr. Pedro Mar\u00eda Ar\u00e9valo Cede\u00f1o (FUNPMAC), fue propicia para la elecci\u00f3n de la directiva que regir\u00e1 para el per\u00edodo 2024-2026, responsabilidad que recay\u00f3 en Alfredo D\u00b4Suze; presidente; Mar\u00eda Esther P\u00e9rez, 1er. vicepresidente: Eduardo Adames, 2do. vicepresidente; Aura Carballo, Tesorera y los vocales Carolina Rojas, Enrique Ortu\u00f1o, Yusbely G\u00f3mez y Anamariz Palacios; suplentes Raymundo Hern\u00e1ndez, Tha\u00eds Carballo, Thais Carballo y Javier Pe\u00f1a.<\/p>\n\n\n\n<p>El encuentro para la elecci\u00f3n de la directiva se realiz\u00f3 el pasado 12 de octubre, con la particularidad de que la mayor\u00eda de los directivos principales fueron reelectos, en virtud del destacado trabajo que han realizado en los \u00faltimos a\u00f1os. Entre los presentes estuvo Don Pablo Arocha Rojas, quien presidi\u00f3 por a\u00f1os esa fundaci\u00f3n, adem\u00e1s de ser un destacado cantautor, comerciante y agricultor de esta tierra gracitana.\u00a0<\/p>\n\n\n\n<p>Asimismo, la ocasi\u00f3n fue propicia para la presentaci\u00f3n de\u00a0 la Memoria y Cuenta de las actividades impulsadas en los dos a\u00f1os anteriores. Esta fundaci\u00f3n, sin fines de lucro, est\u00e1 dedicada al fomento del quehacer cultural del Orituco, a los fines de fortalecer los valores y el \u00e1mbito educativo del municipio Jos\u00e9 Tadeo Monagas, Gu\u00e1rico.<br><br>Por ese motivo, iniciaron el 5to ciclo de talleres en arte, emprendimiento y educaci\u00f3n, as\u00ed como tambi\u00e9n eventos culturales, uno de ellos Tipiquer\u00edes del Orituco. Para la inscripci\u00f3n deben dirigirse a la sede de esta instituci\u00f3n, ubicada en la calle Ilustres Pr\u00f3ceres de Altagracia de Orituco, diagonal al Banco de Venezuela.<\/p>\n\n\n\n<p>@amansaldivia\u00a0<br><br><\/p>\n","protected":false},"excerpt":{"rendered":"<p>Amanda Saldivia.- La celebraci\u00f3n del aniversario n\u00famero 42 de la Fundaci\u00f3n Dr. Pedro Mar\u00eda Ar\u00e9valo Cede\u00f1o (FUNPMAC), fue propicia para la elecci\u00f3n de la directiva que regir\u00e1 para el per\u00edodo 2024-2026, responsabilidad que recay\u00f3 en Alfredo D\u00b4Suze; presidente; Mar\u00eda Esther P\u00e9rez, 1er. vicepresidente: Eduardo Adames, 2do. vicepresidente; Aura Carballo, Tesorera<\/p>\n","protected":false},"author":2,"featured_media":8986,"comment_status":"open","ping_status":"open","sticky":false,"template":"","format":"standard","meta":{"advanced_seo_description":"","jetpack_seo_html_title":"","jetpack_seo_noindex":false,"_jetpack_memberships_contains_paid_content":false,"footnotes":"","jetpack_publicize_message":"","jetpack_publicize_feature_enabled":true,"jetpack_social_post_already_shared":true,"jetpack_social_options":{"image_generator_settings":{"template":"highway","enabled":false},"version":2}},"categories":[335,251],"tags":[8,7,32],"class_list":["post-8985","post","type-post","status-publish","format-standard","has-post-thumbnail","hentry","category-locales","category-webdealta","tag-altagraciadeorituco","tag-guarico","tag-webdealta",""],"jetpack_publicize_connections":[],"jetpack_featured_media_url":"https:\/\/webdealta.info\/wp-content\/uploads\/2024\/10\/fundacion-Dr.-Pedro-Maria-Arevalo-webdealta.png","jetpack_sharing_enabled":true,"jetpack_likes_enabled":true,"jetpack-related-posts":[],"jetpack_shortlink":"https:\/\/wp.me\/pcseDn-2kV","_links":{"self":[{"href":"https:\/\/webdealta.info\/index.php?rest_route=\/wp\/v2\/posts\/8985","targetHints":{"allow":["GET"]}}],"collection":[{"href":"https:\/\/webdealta.info\/index.php?rest_route=\/wp\/v2\/posts"}],"about":[{"href":"https:\/\/webdealta.info\/index.php?rest_route=\/wp\/v2\/types\/post"}],"author":[{"embeddable":true,"href":"https:\/\/webdealta.info\/index.php?rest_route=\/wp\/v2\/users\/2"}],"replies":[{"embeddable":true,"href":"https:\/\/webdealta.info\/index.php?rest_route=%2Fwp%2Fv2%2Fcomments&post=8985"}],"version-history":[{"count":1,"href":"https:\/\/webdealta.info\/index.php?rest_route=\/wp\/v2\/posts\/8985\/revisions"}],"predecessor-version":[{"id":8987,"href":"https:\/\/webdealta.info\/index.php?rest_route=\/wp\/v2\/posts\/8985\/revisions\/8987"}],"wp:featuredmedia":[{"embeddable":true,"href":"https:\/\/webdealta.info\/index.php?rest_route=\/wp\/v2\/media\/8986"}],"wp:attachment":[{"href":"https:\/\/webdealta.info\/index.php?rest_route=%2Fwp%2Fv2%2Fmedia&parent=8985"}],"wp:term":[{"taxonomy":"category","embeddable":true,"href":"https:\/\/webdealta.info\/index.php?rest_route=%2Fwp%2Fv2%2Fcategories&post=8985"},{"taxonomy":"post_tag","embeddable":true,"href":"https:\/\/webdealta.info\/index.php?rest_route=%2Fwp%2Fv2%2Ftags&post=8985"}],"curies":[{"name":"wp","href":"https:\/\/api.w.org\/{rel}","templated":true}]}}