{"id":8956,"date":"2024-10-06T20:30:59","date_gmt":"2024-10-07T00:30:59","guid":{"rendered":"https:\/\/webdealta.info\/?p=8956"},"modified":"2024-10-06T20:31:00","modified_gmt":"2024-10-07T00:31:00","slug":"deterioro-de-alcantarilla-dificulta-paso-entre-altagracia-y-guaribe","status":"publish","type":"post","link":"https:\/\/webdealta.info\/?p=8956","title":{"rendered":"Deterioro de alcantarilla dificulta paso entre Altagracia y Guaribe"},"content":{"rendered":"\n<p>Amanda Saldivia.-<\/p>\n\n\n\n<p>Conductores que circulan por la v\u00eda oriente, en el tramo Altagracia de Orituco &#8211; San Jos\u00e9 de Guaribe, alertaron sobre el inminente colapso de una alcantarilla, a la altura de la entrada de El Martillo, lo que ya dificulta el paso del transporte pesado, entre ellos las cisternas con combustible.<\/p>\n\n\n\n<p>En la tarde de este domingo 6 de octubre, ciudadanos preocupados por la posible interrupci\u00f3n del tr\u00e1nsito por esa importante arteria vial por donde se traslada alimentos al oriente del pa\u00eds, adem\u00e1s de combustible para Altagracia de Orituco, compartieron fotograf\u00eda con la Web de Altagracia, en las cuales se evidencia la situaci\u00f3n planteada.<\/p>\n\n\n\n<p>Pudimos conocer, que comisiones de Protecci\u00f3n Civil de San Jos\u00e9 de Guaribe realizaron la inspecci\u00f3n en la zona.<\/p>\n\n\n\n<p><a>@amandasaldivia<\/a>  <br><br><\/p>\n","protected":false},"excerpt":{"rendered":"<p>Amanda Saldivia.- Conductores que circulan por la v\u00eda oriente, en el tramo Altagracia de Orituco &#8211; San Jos\u00e9 de Guaribe, alertaron sobre el inminente colapso de una alcantarilla, a la altura de la entrada de El Martillo, lo que ya dificulta el paso del transporte pesado, entre ellos las cisternas<\/p>\n","protected":false},"author":2,"featured_media":8957,"comment_status":"open","ping_status":"open","sticky":false,"template":"","format":"standard","meta":{"advanced_seo_description":"","jetpack_seo_html_title":"","jetpack_seo_noindex":false,"_jetpack_memberships_contains_paid_content":false,"footnotes":"","jetpack_publicize_message":"","jetpack_publicize_feature_enabled":true,"jetpack_social_post_already_shared":true,"jetpack_social_options":{"image_generator_settings":{"template":"highway","enabled":false},"version":2}},"categories":[16,251],"tags":[8,7,32],"class_list":["post-8956","post","type-post","status-publish","format-standard","has-post-thumbnail","hentry","category-vialidad","category-webdealta","tag-altagraciadeorituco","tag-guarico","tag-webdealta",""],"jetpack_publicize_connections":[],"jetpack_featured_media_url":"https:\/\/webdealta.info\/wp-content\/uploads\/2024\/10\/via-colapso-webdealta-6-de-octubre.png","jetpack_sharing_enabled":true,"jetpack_likes_enabled":true,"jetpack-related-posts":[],"jetpack_shortlink":"https:\/\/wp.me\/pcseDn-2ks","_links":{"self":[{"href":"https:\/\/webdealta.info\/index.php?rest_route=\/wp\/v2\/posts\/8956","targetHints":{"allow":["GET"]}}],"collection":[{"href":"https:\/\/webdealta.info\/index.php?rest_route=\/wp\/v2\/posts"}],"about":[{"href":"https:\/\/webdealta.info\/index.php?rest_route=\/wp\/v2\/types\/post"}],"author":[{"embeddable":true,"href":"https:\/\/webdealta.info\/index.php?rest_route=\/wp\/v2\/users\/2"}],"replies":[{"embeddable":true,"href":"https:\/\/webdealta.info\/index.php?rest_route=%2Fwp%2Fv2%2Fcomments&post=8956"}],"version-history":[{"count":1,"href":"https:\/\/webdealta.info\/index.php?rest_route=\/wp\/v2\/posts\/8956\/revisions"}],"predecessor-version":[{"id":8958,"href":"https:\/\/webdealta.info\/index.php?rest_route=\/wp\/v2\/posts\/8956\/revisions\/8958"}],"wp:featuredmedia":[{"embeddable":true,"href":"https:\/\/webdealta.info\/index.php?rest_route=\/wp\/v2\/media\/8957"}],"wp:attachment":[{"href":"https:\/\/webdealta.info\/index.php?rest_route=%2Fwp%2Fv2%2Fmedia&parent=8956"}],"wp:term":[{"taxonomy":"category","embeddable":true,"href":"https:\/\/webdealta.info\/index.php?rest_route=%2Fwp%2Fv2%2Fcategories&post=8956"},{"taxonomy":"post_tag","embeddable":true,"href":"https:\/\/webdealta.info\/index.php?rest_route=%2Fwp%2Fv2%2Ftags&post=8956"}],"curies":[{"name":"wp","href":"https:\/\/api.w.org\/{rel}","templated":true}]}}