{"id":8948,"date":"2024-10-03T21:36:24","date_gmt":"2024-10-04T01:36:24","guid":{"rendered":"https:\/\/webdealta.info\/?p=8948"},"modified":"2024-10-03T21:36:26","modified_gmt":"2024-10-04T01:36:26","slug":"quien-lucira-la-corona-de-reina-de-las-ferias-del-orituco-2024","status":"publish","type":"post","link":"https:\/\/webdealta.info\/?p=8948","title":{"rendered":"\u00bfQui\u00e9n lucir\u00e1 la corona de Reina de las Ferias del Orituco 2024?"},"content":{"rendered":"\n<p>Amanda Saldivia.-<\/p>\n\n\n\n<p>Todo est\u00e1 dispuesto para que en la noche de este viernes 4 de octubre, en medio de un evento amenizado por Roberto Antonio, Afro Criollo y Yokonda y su Swing, el jurado escoja qui\u00e9n ser\u00e1 la Reina de las Ferias del Orituco 2024, entre ocho lindas candidatas.<\/p>\n\n\n\n<figure class=\"wp-block-image size-large\"><img loading=\"lazy\" decoding=\"async\" width=\"1024\" height=\"546\" src=\"https:\/\/webdealta.info\/wp-content\/uploads\/2024\/10\/reinas-2-webdealta-1024x546.png\" alt=\"\" class=\"wp-image-8950\" srcset=\"https:\/\/webdealta.info\/wp-content\/uploads\/2024\/10\/reinas-2-webdealta.png 1024w, https:\/\/webdealta.info\/wp-content\/uploads\/2024\/10\/reinas-2-webdealta.png 300w, https:\/\/webdealta.info\/wp-content\/uploads\/2024\/10\/reinas-2-webdealta.png 768w, https:\/\/webdealta.info\/wp-content\/uploads\/2024\/10\/reinas-2-webdealta.png 1170w, https:\/\/webdealta.info\/wp-content\/uploads\/2024\/10\/reinas-2-webdealta.png 1500w, https:\/\/webdealta.info\/wp-content\/uploads\/2024\/10\/reinas-2-webdealta.png 1280w\" sizes=\"auto, (max-width: 640px) 100vw, 640px\" \/><\/figure>\n\n\n\n<p>El certamen ser\u00e1 en la calle Ilustres Pr\u00f3ceres de Altagracia de Orituco, donde se instal\u00f3 una enorme tarima para que el p\u00fablico disfrute del evento organizado por un numeroso equipo de trabajo, liderado por el alcalde Pedro Sol\u00f3rzano y el gobernador Jos\u00e9 V\u00e1squez, coordinado por las esposas de ambos mandatarios, Elsy Rodr\u00edguez y Fabiola De C\u00f3rdoba, respectivamente.<\/p>\n\n\n\n<p>La elecci\u00f3n de la reina de las Ferias del Orituco 2024, forma parte de una programaci\u00f3n que comenz\u00f3, el pasado domingo 29 de septiembre, con las festividades religiosas en honor a San Miguel Arc\u00e1ngel; para dar paso a otras actividades, entre ellas el amanecer llanero previsto para el s\u00e1bado 5, donde est\u00e1 confirmada la presentaci\u00f3n de Ignacio Rond\u00f3n, Alejandro Rond\u00f3n y Milena Benitez.<\/p>\n\n\n\n<p>A continuaci\u00f3n, los datos m\u00e1s destacados de las candidatas:<\/p>\n\n\n\n<p>Daniela Beomont, 15 a\u00f1os de edad, estudia cuarto a\u00f1o de bachillerato<\/p>\n\n\n\n<p>Jesulie Campos, 25 a\u00f1os de edad, estudiante de Medicina<\/p>\n\n\n\n<p>Angie Berrueta; 19 a\u00f1os de edad, estudiante de Medicina<\/p>\n\n\n\n<p>Guadalupe Navas, 20 a\u00f1os de edad, estudiante universitaria<\/p>\n\n\n\n<p>Jesibel Campos, 19 a\u00f1os de edad, estudiante de Comunicaci\u00f3n Social<\/p>\n\n\n\n<p>Isabel Espinoza, 17 a\u00f1os de edad, estudiante universitaria<\/p>\n\n\n\n<p>Charlotte Mart\u00ednez, 15 a\u00f1os, estudiante de 5to a\u00f1o de bachillerato<\/p>\n\n\n\n<p>Franyelith Magallanes, 16 a\u00f1os de edad, bachiller<br><br><strong>Fotograf\u00edas cortes\u00eda de la Direcci\u00f3n de Prensa de la alcald\u00eda del municipio Monagas<\/strong><br><br><\/p>\n","protected":false},"excerpt":{"rendered":"<p>Amanda Saldivia.- Todo est\u00e1 dispuesto para que en la noche de este viernes 4 de octubre, en medio de un evento amenizado por Roberto Antonio, Afro Criollo y Yokonda y su Swing, el jurado escoja qui\u00e9n ser\u00e1 la Reina de las Ferias del Orituco 2024, entre ocho lindas candidatas. El<\/p>\n","protected":false},"author":2,"featured_media":8949,"comment_status":"open","ping_status":"open","sticky":false,"template":"","format":"standard","meta":{"advanced_seo_description":"","jetpack_seo_html_title":"","jetpack_seo_noindex":false,"_jetpack_memberships_contains_paid_content":false,"footnotes":"","jetpack_publicize_message":"","jetpack_publicize_feature_enabled":true,"jetpack_social_post_already_shared":true,"jetpack_social_options":{"image_generator_settings":{"template":"highway","enabled":false},"version":2}},"categories":[1],"tags":[],"class_list":["post-8948","post","type-post","status-publish","format-standard","has-post-thumbnail","hentry","category-sin-categoria",""],"jetpack_publicize_connections":[],"jetpack_featured_media_url":"https:\/\/webdealta.info\/wp-content\/uploads\/2024\/10\/reinas-1-webdealta.png","jetpack_sharing_enabled":true,"jetpack_likes_enabled":true,"jetpack-related-posts":[],"jetpack_shortlink":"https:\/\/wp.me\/pcseDn-2kk","_links":{"self":[{"href":"https:\/\/webdealta.info\/index.php?rest_route=\/wp\/v2\/posts\/8948","targetHints":{"allow":["GET"]}}],"collection":[{"href":"https:\/\/webdealta.info\/index.php?rest_route=\/wp\/v2\/posts"}],"about":[{"href":"https:\/\/webdealta.info\/index.php?rest_route=\/wp\/v2\/types\/post"}],"author":[{"embeddable":true,"href":"https:\/\/webdealta.info\/index.php?rest_route=\/wp\/v2\/users\/2"}],"replies":[{"embeddable":true,"href":"https:\/\/webdealta.info\/index.php?rest_route=%2Fwp%2Fv2%2Fcomments&post=8948"}],"version-history":[{"count":1,"href":"https:\/\/webdealta.info\/index.php?rest_route=\/wp\/v2\/posts\/8948\/revisions"}],"predecessor-version":[{"id":8951,"href":"https:\/\/webdealta.info\/index.php?rest_route=\/wp\/v2\/posts\/8948\/revisions\/8951"}],"wp:featuredmedia":[{"embeddable":true,"href":"https:\/\/webdealta.info\/index.php?rest_route=\/wp\/v2\/media\/8949"}],"wp:attachment":[{"href":"https:\/\/webdealta.info\/index.php?rest_route=%2Fwp%2Fv2%2Fmedia&parent=8948"}],"wp:term":[{"taxonomy":"category","embeddable":true,"href":"https:\/\/webdealta.info\/index.php?rest_route=%2Fwp%2Fv2%2Fcategories&post=8948"},{"taxonomy":"post_tag","embeddable":true,"href":"https:\/\/webdealta.info\/index.php?rest_route=%2Fwp%2Fv2%2Ftags&post=8948"}],"curies":[{"name":"wp","href":"https:\/\/api.w.org\/{rel}","templated":true}]}}