{"id":8940,"date":"2024-10-02T16:08:02","date_gmt":"2024-10-02T20:08:02","guid":{"rendered":"https:\/\/webdealta.info\/?p=8940"},"modified":"2024-10-02T16:08:03","modified_gmt":"2024-10-02T20:08:03","slug":"comenzaron-las-clases-y-el-clamor-es-el-mismo-firma-del-contrato-colectivo","status":"publish","type":"post","link":"https:\/\/webdealta.info\/?p=8940","title":{"rendered":"Comenzaron las clases y el clamor es el mismo: firma del contrato colectivo"},"content":{"rendered":"\n<p>Amanda Saldivia.-<\/p>\n\n\n\n<p>Inicia un nuevo a\u00f1o escolar y los gremios que velan por los derechos laborales de los trabajadores de ese sector, ratifican que para una educaci\u00f3n de calidad es necesaria la firma de un contrato colectivo que garantice salarios justos y beneficios de \u00edndole socioecon\u00f3micas.<\/p>\n\n\n\n<p>En la ma\u00f1ana de este mi\u00e9rcoles 2 de octubre, el pronunciamiento en ese sentido, lo hizo Wladimir Polachini, educador que representa a Fetracineg y Sinteg Gu\u00e1rico en Altagracia de Orituco, quien declar\u00f3 sobre las peticiones que las organizaciones sindicales ratifican al nuevo Ministro de Educaci\u00f3n, H\u00e9ctor Rodr\u00edguez.<br><br>\u00abEstamos a tres d\u00edas de haber comenzado el nuevo a\u00f1o escolar y seguimos con la misma problem\u00e1tica de siempre, la misma situaci\u00f3n laboral, la misma incertidumbre, sin contrato colectivo, desde 2018 al 2019 se nos elimin\u00f3 el contrato colectivo y no hay una oferta salarial del actual ministro\u00bb, expres\u00f3 Polachini.<\/p>\n\n\n\n<p>Hizo hincapi\u00e9 en que los docentes est\u00e1n en la mejor disposici\u00f3n de dar clases, pero la realidad es que ganan en promedio 4 d\u00f3lares diarios, el de mayor jerarqu\u00eda, y esa cantidad no soporta la manutenci\u00f3n del educador y su familia, raz\u00f3n por la cual considera que la opci\u00f3n es sentarse a discutir el contrato para garantizar el fin \u00faltimo, que es la educaci\u00f3n de los ni\u00f1os, que son el futuro del pa\u00eds.<\/p>\n\n\n\n<p>Respecto a la infraestructura, Polachini se\u00f1al\u00f3 que est\u00e1 a la vista de todos el deterioro de las escuela, la falta de mantenimiento y que no cuentan, la mayor\u00eda, con servicios p\u00fablicos b\u00e1sicos.<\/p>\n\n\n\n<p>Al preguntarle sobre la estrategia que se ha aplicado otros a\u00f1os, de asistir tres d\u00edas al plantel, dejo claro que esa decisi\u00f3n es del docente y los representantes, porque ah\u00ed privan aspectos, tales como la distancia de la escuela respecto al sitio de residencia del educador, mucho m\u00e1s si trabajan en las zonas rurales del municipio Jos\u00e9 Tadeo Monagas. <\/p>\n\n\n\n<p>@amandasaldivia<\/p>\n","protected":false},"excerpt":{"rendered":"<p>Amanda Saldivia.- Inicia un nuevo a\u00f1o escolar y los gremios que velan por los derechos laborales de los trabajadores de ese sector, ratifican que para una educaci\u00f3n de calidad es necesaria la firma de un contrato colectivo que garantice salarios justos y beneficios de \u00edndole socioecon\u00f3micas. En la ma\u00f1ana de<\/p>\n","protected":false},"author":2,"featured_media":8941,"comment_status":"open","ping_status":"open","sticky":false,"template":"","format":"standard","meta":{"advanced_seo_description":"","jetpack_seo_html_title":"","jetpack_seo_noindex":false,"_jetpack_memberships_contains_paid_content":false,"footnotes":"","jetpack_publicize_message":"","jetpack_publicize_feature_enabled":true,"jetpack_social_post_already_shared":true,"jetpack_social_options":{"image_generator_settings":{"template":"highway","enabled":false},"version":2}},"categories":[151,251],"tags":[8,7,32],"class_list":["post-8940","post","type-post","status-publish","format-standard","has-post-thumbnail","hentry","category-educacion","category-webdealta","tag-altagraciadeorituco","tag-guarico","tag-webdealta",""],"jetpack_publicize_connections":[],"jetpack_featured_media_url":"https:\/\/webdealta.info\/wp-content\/uploads\/2024\/10\/sindicatos-2024-webdealta.png","jetpack_sharing_enabled":true,"jetpack_likes_enabled":true,"jetpack-related-posts":[],"jetpack_shortlink":"https:\/\/wp.me\/pcseDn-2kc","_links":{"self":[{"href":"https:\/\/webdealta.info\/index.php?rest_route=\/wp\/v2\/posts\/8940","targetHints":{"allow":["GET"]}}],"collection":[{"href":"https:\/\/webdealta.info\/index.php?rest_route=\/wp\/v2\/posts"}],"about":[{"href":"https:\/\/webdealta.info\/index.php?rest_route=\/wp\/v2\/types\/post"}],"author":[{"embeddable":true,"href":"https:\/\/webdealta.info\/index.php?rest_route=\/wp\/v2\/users\/2"}],"replies":[{"embeddable":true,"href":"https:\/\/webdealta.info\/index.php?rest_route=%2Fwp%2Fv2%2Fcomments&post=8940"}],"version-history":[{"count":1,"href":"https:\/\/webdealta.info\/index.php?rest_route=\/wp\/v2\/posts\/8940\/revisions"}],"predecessor-version":[{"id":8942,"href":"https:\/\/webdealta.info\/index.php?rest_route=\/wp\/v2\/posts\/8940\/revisions\/8942"}],"wp:featuredmedia":[{"embeddable":true,"href":"https:\/\/webdealta.info\/index.php?rest_route=\/wp\/v2\/media\/8941"}],"wp:attachment":[{"href":"https:\/\/webdealta.info\/index.php?rest_route=%2Fwp%2Fv2%2Fmedia&parent=8940"}],"wp:term":[{"taxonomy":"category","embeddable":true,"href":"https:\/\/webdealta.info\/index.php?rest_route=%2Fwp%2Fv2%2Fcategories&post=8940"},{"taxonomy":"post_tag","embeddable":true,"href":"https:\/\/webdealta.info\/index.php?rest_route=%2Fwp%2Fv2%2Ftags&post=8940"}],"curies":[{"name":"wp","href":"https:\/\/api.w.org\/{rel}","templated":true}]}}