{"id":8911,"date":"2024-09-01T12:07:12","date_gmt":"2024-09-01T16:07:12","guid":{"rendered":"https:\/\/webdealta.info\/?p=8911"},"modified":"2024-09-01T12:07:30","modified_gmt":"2024-09-01T16:07:30","slug":"balance-liberado-conductor-con-equipo-hidraulico-tras-colision","status":"publish","type":"post","link":"https:\/\/webdealta.info\/?p=8911","title":{"rendered":"Balance: liberado conductor con equipo hidr\u00e1ulico tras colisi\u00f3n"},"content":{"rendered":"\n<p>Amanda Saldivia.-<\/p>\n\n\n\n<p>En el balance de la semana, relacionado a los accidentes de tr\u00e1nsito, figura la colisi\u00f3n entre dos veh\u00edculos, donde uno de los conductores present\u00f3 politraumatismos y fue necesario emplear un equipo hidr\u00e1ulico para sacarlo de la unidad.<\/p>\n\n\n\n<p>El lesionado fue identificado con el nombre de Omar Yanez de 48 a\u00f1os de edad, quien tras ser liberado gracias a las acciones de funcionarios del cuerpo de bomberos Andr\u00e9 Fourneau y de Protecci\u00f3n Civil del municipio Jos\u00e9 Tadeo Monagas, fue trasladado al hospital Dr. Jos\u00e9 Francisco Torrealba de Altagracia de Orituco, donde fue recibido por los m\u00e9dicos de guardia.<\/p>\n\n\n\n<p>Trascendi\u00f3, por medio de la Direcci\u00f3n de Seguridad Ciudadana, a cargo del general Denis Dur\u00e1n, quien tambi\u00e9n comanda el cuerpo de bomberos, que la colisi\u00f3n se registr\u00f3 en horas de la noche del pasado jueves 29 de agosto, en la carretera nacional, a la altura de la perimetral.<\/p>\n\n\n\n<p>\u201cNuestro trabajo fue utilizar equipo hidr\u00e1ulico para la liberaci\u00f3n del mismo, siendo estabilizado e inmovilizado para ser trasladado en la unidad URI-103 de Protecci\u00f3n Civil al hospital Dr. Jos\u00e9 Francisco Torrealba, donde fue recibido por los galenos de guardia, el procedimiento est\u00e1 a cargo de la Polic\u00eda Nacional Bolivariana, inspecci\u00f3n jefe Diego N\u00fa\u00f1ez\u201d, explic\u00f3 el general Dur\u00e1n al compartir la informaci\u00f3n con la Web de Altagracia.<\/p>\n\n\n\n<p>Sobre la colisi\u00f3n, dijo que fue entre un veh\u00edculo marca Ford, color blanco, tipo sedan y una camioneta Toyota Hilux Gris, esta \u00faltima conducida por Tom\u00e1s Gonz\u00e1lez, quien result\u00f3 con lesiones leves.<\/p>\n\n\n\n<p>@amandasaldivia  <\/p>\n\n\n\n<p><\/p>\n","protected":false},"excerpt":{"rendered":"<p>Amanda Saldivia.- En el balance de la semana, relacionado a los accidentes de tr\u00e1nsito, figura la colisi\u00f3n entre dos veh\u00edculos, donde uno de los conductores present\u00f3 politraumatismos y fue necesario emplear un equipo hidr\u00e1ulico para sacarlo de la unidad. El lesionado fue identificado con el nombre de Omar Yanez de<\/p>\n","protected":false},"author":2,"featured_media":8912,"comment_status":"open","ping_status":"open","sticky":false,"template":"","format":"standard","meta":{"advanced_seo_description":"","jetpack_seo_html_title":"","jetpack_seo_noindex":false,"_jetpack_memberships_contains_paid_content":false,"footnotes":"","jetpack_publicize_message":"","jetpack_publicize_feature_enabled":true,"jetpack_social_post_already_shared":true,"jetpack_social_options":{"image_generator_settings":{"template":"highway","enabled":false},"version":2}},"categories":[159,251],"tags":[8,7,32],"class_list":["post-8911","post","type-post","status-publish","format-standard","has-post-thumbnail","hentry","category-accidente","category-webdealta","tag-altagraciadeorituco","tag-guarico","tag-webdealta",""],"jetpack_publicize_connections":[],"jetpack_featured_media_url":"https:\/\/webdealta.info\/wp-content\/uploads\/2024\/09\/bomberos-rescate-webdealta.png","jetpack_sharing_enabled":true,"jetpack_likes_enabled":true,"jetpack-related-posts":[],"jetpack_shortlink":"https:\/\/wp.me\/pcseDn-2jJ","_links":{"self":[{"href":"https:\/\/webdealta.info\/index.php?rest_route=\/wp\/v2\/posts\/8911","targetHints":{"allow":["GET"]}}],"collection":[{"href":"https:\/\/webdealta.info\/index.php?rest_route=\/wp\/v2\/posts"}],"about":[{"href":"https:\/\/webdealta.info\/index.php?rest_route=\/wp\/v2\/types\/post"}],"author":[{"embeddable":true,"href":"https:\/\/webdealta.info\/index.php?rest_route=\/wp\/v2\/users\/2"}],"replies":[{"embeddable":true,"href":"https:\/\/webdealta.info\/index.php?rest_route=%2Fwp%2Fv2%2Fcomments&post=8911"}],"version-history":[{"count":1,"href":"https:\/\/webdealta.info\/index.php?rest_route=\/wp\/v2\/posts\/8911\/revisions"}],"predecessor-version":[{"id":8913,"href":"https:\/\/webdealta.info\/index.php?rest_route=\/wp\/v2\/posts\/8911\/revisions\/8913"}],"wp:featuredmedia":[{"embeddable":true,"href":"https:\/\/webdealta.info\/index.php?rest_route=\/wp\/v2\/media\/8912"}],"wp:attachment":[{"href":"https:\/\/webdealta.info\/index.php?rest_route=%2Fwp%2Fv2%2Fmedia&parent=8911"}],"wp:term":[{"taxonomy":"category","embeddable":true,"href":"https:\/\/webdealta.info\/index.php?rest_route=%2Fwp%2Fv2%2Fcategories&post=8911"},{"taxonomy":"post_tag","embeddable":true,"href":"https:\/\/webdealta.info\/index.php?rest_route=%2Fwp%2Fv2%2Ftags&post=8911"}],"curies":[{"name":"wp","href":"https:\/\/api.w.org\/{rel}","templated":true}]}}