{"id":8892,"date":"2024-08-25T17:54:13","date_gmt":"2024-08-25T21:54:13","guid":{"rendered":"https:\/\/webdealta.info\/?p=8892"},"modified":"2024-08-26T20:24:21","modified_gmt":"2024-08-27T00:24:21","slug":"en-altagracia-hubo-caminata-en-honor-a-la-virgen-del-valle","status":"publish","type":"post","link":"https:\/\/webdealta.info\/?p=8892","title":{"rendered":"En Altagracia hubo caminata en honor a la Virgen del Valle"},"content":{"rendered":"\n<p>Amanda Saldivia.-<\/p>\n\n\n\n<p>La parroquia eclesi\u00e1stica San Jos\u00e9 Obrero realiz\u00f3 una caminata de 7 kil\u00f3metros, como pre\u00e1mbulo a la festividad en honor a la Virgen del Valle, religiosidad que se hizo m\u00e1s notoria en Altagracia de Orituco en los \u00faltimos cuatro a\u00f1os, gracias a la iniciativa de devotos, acompa\u00f1ados por el padre Luis M\u00e1rquez.<\/p>\n\n\n\n<p>Andy Laya, coordinador de la Pastoral, dijo que la caminata realizada el pasado s\u00e1bado 24 de agosto fue todo un \u00e9xito, por la participaci\u00f3n y apoyo de patrocinantes, quienes realizaron el recorrido bajo el lema \u201cUnidos en oraci\u00f3n caminemos con Mar\u00eda, Servidora del Se\u00f1or\u201d.<\/p>\n\n\n\n<p>Adem\u00e1s de la actividad deportiva, ahora inicia la Novena, de acuerdo a la siguiente programaci\u00f3n:<\/p>\n\n\n\n<p>30\/08 Brisas del Pe\u00f1\u00f3n<\/p>\n\n\n\n<p>31\/08 Las Mayitas<\/p>\n\n\n\n<p>01\/09 Brisas del Este<\/p>\n\n\n\n<p>02\/09 Los Guires<\/p>\n\n\n\n<p>03\/09 La Cuman\u00e1<\/p>\n\n\n\n<p>04\/09 San Carlos<\/p>\n\n\n\n<p>05\/09 Banco Obrero<\/p>\n\n\n\n<p>06\/09 Tricentenario 2<\/p>\n\n\n\n<p>07\/09 Tricentenario 3<\/p>\n\n\n\n<p>@amandasaldivia <\/p>\n\n\n\n<p><\/p>\n","protected":false},"excerpt":{"rendered":"<p>Amanda Saldivia.- La parroquia eclesi\u00e1stica San Jos\u00e9 Obrero realiz\u00f3 una caminata de 7 kil\u00f3metros, como pre\u00e1mbulo a la festividad en honor a la Virgen del Valle, religiosidad que se hizo m\u00e1s notoria en Altagracia de Orituco en los \u00faltimos cuatro a\u00f1os, gracias a la iniciativa de devotos, acompa\u00f1ados por el<\/p>\n","protected":false},"author":2,"featured_media":8893,"comment_status":"open","ping_status":"open","sticky":false,"template":"","format":"standard","meta":{"advanced_seo_description":"","jetpack_seo_html_title":"","jetpack_seo_noindex":false,"_jetpack_memberships_contains_paid_content":false,"footnotes":"","jetpack_publicize_message":"","jetpack_publicize_feature_enabled":true,"jetpack_social_post_already_shared":true,"jetpack_social_options":{"image_generator_settings":{"template":"highway","enabled":false},"version":2}},"categories":[335,251],"tags":[8,7,32],"class_list":["post-8892","post","type-post","status-publish","format-standard","has-post-thumbnail","hentry","category-locales","category-webdealta","tag-altagraciadeorituco","tag-guarico","tag-webdealta",""],"jetpack_publicize_connections":[],"jetpack_featured_media_url":"https:\/\/webdealta.info\/wp-content\/uploads\/2024\/08\/virgen-maria-webdealta-25-de-agosto.png","jetpack_sharing_enabled":true,"jetpack_likes_enabled":true,"jetpack-related-posts":[],"jetpack_shortlink":"https:\/\/wp.me\/pcseDn-2jq","_links":{"self":[{"href":"https:\/\/webdealta.info\/index.php?rest_route=\/wp\/v2\/posts\/8892","targetHints":{"allow":["GET"]}}],"collection":[{"href":"https:\/\/webdealta.info\/index.php?rest_route=\/wp\/v2\/posts"}],"about":[{"href":"https:\/\/webdealta.info\/index.php?rest_route=\/wp\/v2\/types\/post"}],"author":[{"embeddable":true,"href":"https:\/\/webdealta.info\/index.php?rest_route=\/wp\/v2\/users\/2"}],"replies":[{"embeddable":true,"href":"https:\/\/webdealta.info\/index.php?rest_route=%2Fwp%2Fv2%2Fcomments&post=8892"}],"version-history":[{"count":3,"href":"https:\/\/webdealta.info\/index.php?rest_route=\/wp\/v2\/posts\/8892\/revisions"}],"predecessor-version":[{"id":8900,"href":"https:\/\/webdealta.info\/index.php?rest_route=\/wp\/v2\/posts\/8892\/revisions\/8900"}],"wp:featuredmedia":[{"embeddable":true,"href":"https:\/\/webdealta.info\/index.php?rest_route=\/wp\/v2\/media\/8893"}],"wp:attachment":[{"href":"https:\/\/webdealta.info\/index.php?rest_route=%2Fwp%2Fv2%2Fmedia&parent=8892"}],"wp:term":[{"taxonomy":"category","embeddable":true,"href":"https:\/\/webdealta.info\/index.php?rest_route=%2Fwp%2Fv2%2Fcategories&post=8892"},{"taxonomy":"post_tag","embeddable":true,"href":"https:\/\/webdealta.info\/index.php?rest_route=%2Fwp%2Fv2%2Ftags&post=8892"}],"curies":[{"name":"wp","href":"https:\/\/api.w.org\/{rel}","templated":true}]}}