{"id":8884,"date":"2024-08-21T20:24:32","date_gmt":"2024-08-22T00:24:32","guid":{"rendered":"https:\/\/webdealta.info\/?p=8884"},"modified":"2024-08-21T20:24:33","modified_gmt":"2024-08-22T00:24:33","slug":"rechazan-instalacion-de-contenedor-en-areas-del-edificio-el-diamante","status":"publish","type":"post","link":"https:\/\/webdealta.info\/?p=8884","title":{"rendered":"Rechazan instalaci\u00f3n de contenedor en \u00e1reas del edificio El Diamante"},"content":{"rendered":"\n<p>Amanda Saldivia.-<\/p>\n\n\n\n<p>Como una invasi\u00f3n a los espacios que son parte de una propiedad privada, calific\u00f3 la representante del edificio El Diamante, la instalaci\u00f3n de un contenedor en el \u00e1rea externa del Banco Provincial, sede que tiene un cierre operativo, pero en cuyo local todav\u00eda est\u00e1 todo el mobiliario de esta entidad, con miras a que sea reabierta.<\/p>\n\n\n\n<p>As\u00ed lo se\u00f1al\u00f3 Carmen Victoria Ortega, en su condici\u00f3n de representante de los propietarios de ese edificio, ubicado en la avenida Ilustres Pr\u00f3ceres de Altagracia de Orituco, quien agreg\u00f3 que, al conocer de la maniobra de descarga del contenedor en la ma\u00f1ana de este mi\u00e9rcoles 21 de agosto, se comunic\u00f3 con el S\u00edndico Municipal y con el director general de la alcald\u00eda.<\/p>\n\n\n\n<p>\u201cHasta el momento se desconoce qui\u00e9n dio la orden de instalar ese contenedor en ese espacio que es propiedad privada\u201d, se\u00f1al\u00f3 Ortega, al tiempo que precis\u00f3 que \u201cesos metros al frente, son para estacionamiento, \u00e1rea de carga y descarga\u201d.<\/p>\n\n\n\n<p>Para finalizar, dijo que ya notific\u00f3 a los representantes del Banco Provincial, y al igual que ellos pedir\u00e1n la intervenci\u00f3n de la alcald\u00eda del municipio Jos\u00e9 Tadeo Monagas, a los fines de que despejen esa \u00e1rea, porque entorpece la actividad de los comercios que funcionan en el edificio El Diamante, y m\u00e1s a\u00fan el deseo de muchos gracitanos que piden que esa entidad pueda ser reabierta.<\/p>\n\n\n\n<p>@amandasaldivia  <\/p>\n\n\n\n<p><\/p>\n","protected":false},"excerpt":{"rendered":"<p>Amanda Saldivia.- Como una invasi\u00f3n a los espacios que son parte de una propiedad privada, calific\u00f3 la representante del edificio El Diamante, la instalaci\u00f3n de un contenedor en el \u00e1rea externa del Banco Provincial, sede que tiene un cierre operativo, pero en cuyo local todav\u00eda est\u00e1 todo el mobiliario de<\/p>\n","protected":false},"author":2,"featured_media":8885,"comment_status":"open","ping_status":"open","sticky":false,"template":"","format":"standard","meta":{"advanced_seo_description":"","jetpack_seo_html_title":"","jetpack_seo_noindex":false,"_jetpack_memberships_contains_paid_content":false,"footnotes":"","jetpack_publicize_message":"","jetpack_publicize_feature_enabled":true,"jetpack_social_post_already_shared":true,"jetpack_social_options":{"image_generator_settings":{"template":"highway","enabled":false},"version":2}},"categories":[335,251],"tags":[8,7,32],"class_list":["post-8884","post","type-post","status-publish","format-standard","has-post-thumbnail","hentry","category-locales","category-webdealta","tag-altagraciadeorituco","tag-guarico","tag-webdealta",""],"jetpack_publicize_connections":[],"jetpack_featured_media_url":"https:\/\/webdealta.info\/wp-content\/uploads\/2024\/08\/el-diamante-webdealta.png","jetpack_sharing_enabled":true,"jetpack_likes_enabled":true,"jetpack-related-posts":[],"jetpack_shortlink":"https:\/\/wp.me\/pcseDn-2ji","_links":{"self":[{"href":"https:\/\/webdealta.info\/index.php?rest_route=\/wp\/v2\/posts\/8884","targetHints":{"allow":["GET"]}}],"collection":[{"href":"https:\/\/webdealta.info\/index.php?rest_route=\/wp\/v2\/posts"}],"about":[{"href":"https:\/\/webdealta.info\/index.php?rest_route=\/wp\/v2\/types\/post"}],"author":[{"embeddable":true,"href":"https:\/\/webdealta.info\/index.php?rest_route=\/wp\/v2\/users\/2"}],"replies":[{"embeddable":true,"href":"https:\/\/webdealta.info\/index.php?rest_route=%2Fwp%2Fv2%2Fcomments&post=8884"}],"version-history":[{"count":1,"href":"https:\/\/webdealta.info\/index.php?rest_route=\/wp\/v2\/posts\/8884\/revisions"}],"predecessor-version":[{"id":8886,"href":"https:\/\/webdealta.info\/index.php?rest_route=\/wp\/v2\/posts\/8884\/revisions\/8886"}],"wp:featuredmedia":[{"embeddable":true,"href":"https:\/\/webdealta.info\/index.php?rest_route=\/wp\/v2\/media\/8885"}],"wp:attachment":[{"href":"https:\/\/webdealta.info\/index.php?rest_route=%2Fwp%2Fv2%2Fmedia&parent=8884"}],"wp:term":[{"taxonomy":"category","embeddable":true,"href":"https:\/\/webdealta.info\/index.php?rest_route=%2Fwp%2Fv2%2Fcategories&post=8884"},{"taxonomy":"post_tag","embeddable":true,"href":"https:\/\/webdealta.info\/index.php?rest_route=%2Fwp%2Fv2%2Ftags&post=8884"}],"curies":[{"name":"wp","href":"https:\/\/api.w.org\/{rel}","templated":true}]}}