{"id":8880,"date":"2024-08-20T20:43:17","date_gmt":"2024-08-21T00:43:17","guid":{"rendered":"https:\/\/webdealta.info\/?p=8880"},"modified":"2024-08-20T20:43:19","modified_gmt":"2024-08-21T00:43:19","slug":"altagracia-volvio-el-racionamiento","status":"publish","type":"post","link":"https:\/\/webdealta.info\/?p=8880","title":{"rendered":"Altagracia: \u00bfVolvi\u00f3 el racionamiento?"},"content":{"rendered":"\n<p>Amanda Saldivia.-<\/p>\n\n\n\n<p>Cuatro horas sin energ\u00eda el\u00e9ctrica, en medio de altas temperaturas, llev\u00f3 a que los ciudadanos de Altagracia de Orituco se preguntar\u00e1n si volvi\u00f3 el racionamiento o es una falla. No obstante, la respuesta nunca lleg\u00f3 por parte del personal de Corpoelec o alg\u00fan vocero gubernamental.<\/p>\n\n\n\n<p>La interacci\u00f3n de los ciudadanos se dio en el chat del grupo de WhatsApp Seguridad y Servicios P\u00fablicos Altagracia, a partir de las 12:10 pm, cuando de distintas zonas de la localidad escribieron: \u201csin energ\u00eda el\u00e9ctrica prolongaci\u00f3n de la calle Carabobo\u201d, \u201csin energ\u00eda sector Centro, calle Bol\u00edvar, \u201cIgual, zona industrial\u201d, \u201cLas Mayitas sin electricidad\u201d.<\/p>\n\n\n\n<p>A pesar de los reportes, la confirmaci\u00f3n nunca lleg\u00f3, lo que motiv\u00f3 nuevamente la queja pasada las tres horas de suspensi\u00f3n del servicio, porque en definitiva consideran que \u201cdeber\u00edan avisar, es lo menos que el usuario merece saber\u201d, tal como lo expres\u00f3 una ciudadana a las 3:54 pm, hora en que el servicio acababa de ser restablecido.<\/p>\n\n\n\n<p>@amandasaldivia<\/p>\n","protected":false},"excerpt":{"rendered":"<p>Amanda Saldivia.- Cuatro horas sin energ\u00eda el\u00e9ctrica, en medio de altas temperaturas, llev\u00f3 a que los ciudadanos de Altagracia de Orituco se preguntar\u00e1n si volvi\u00f3 el racionamiento o es una falla. No obstante, la respuesta nunca lleg\u00f3 por parte del personal de Corpoelec o alg\u00fan vocero gubernamental. La interacci\u00f3n de<\/p>\n","protected":false},"author":2,"featured_media":8881,"comment_status":"open","ping_status":"open","sticky":false,"template":"","format":"standard","meta":{"advanced_seo_description":"","jetpack_seo_html_title":"","jetpack_seo_noindex":false,"_jetpack_memberships_contains_paid_content":false,"footnotes":"","jetpack_publicize_message":"","jetpack_publicize_feature_enabled":true,"jetpack_social_post_already_shared":true,"jetpack_social_options":{"image_generator_settings":{"template":"highway","enabled":false},"version":2}},"categories":[268,251],"tags":[8,7,32],"class_list":["post-8880","post","type-post","status-publish","format-standard","has-post-thumbnail","hentry","category-servicios-publicos","category-webdealta","tag-altagraciadeorituco","tag-guarico","tag-webdealta",""],"jetpack_publicize_connections":[],"jetpack_featured_media_url":"https:\/\/webdealta.info\/wp-content\/uploads\/2024\/08\/sin-luz-webdealta.png","jetpack_sharing_enabled":true,"jetpack_likes_enabled":true,"jetpack-related-posts":[],"jetpack_shortlink":"https:\/\/wp.me\/pcseDn-2je","_links":{"self":[{"href":"https:\/\/webdealta.info\/index.php?rest_route=\/wp\/v2\/posts\/8880","targetHints":{"allow":["GET"]}}],"collection":[{"href":"https:\/\/webdealta.info\/index.php?rest_route=\/wp\/v2\/posts"}],"about":[{"href":"https:\/\/webdealta.info\/index.php?rest_route=\/wp\/v2\/types\/post"}],"author":[{"embeddable":true,"href":"https:\/\/webdealta.info\/index.php?rest_route=\/wp\/v2\/users\/2"}],"replies":[{"embeddable":true,"href":"https:\/\/webdealta.info\/index.php?rest_route=%2Fwp%2Fv2%2Fcomments&post=8880"}],"version-history":[{"count":1,"href":"https:\/\/webdealta.info\/index.php?rest_route=\/wp\/v2\/posts\/8880\/revisions"}],"predecessor-version":[{"id":8882,"href":"https:\/\/webdealta.info\/index.php?rest_route=\/wp\/v2\/posts\/8880\/revisions\/8882"}],"wp:featuredmedia":[{"embeddable":true,"href":"https:\/\/webdealta.info\/index.php?rest_route=\/wp\/v2\/media\/8881"}],"wp:attachment":[{"href":"https:\/\/webdealta.info\/index.php?rest_route=%2Fwp%2Fv2%2Fmedia&parent=8880"}],"wp:term":[{"taxonomy":"category","embeddable":true,"href":"https:\/\/webdealta.info\/index.php?rest_route=%2Fwp%2Fv2%2Fcategories&post=8880"},{"taxonomy":"post_tag","embeddable":true,"href":"https:\/\/webdealta.info\/index.php?rest_route=%2Fwp%2Fv2%2Ftags&post=8880"}],"curies":[{"name":"wp","href":"https:\/\/api.w.org\/{rel}","templated":true}]}}