{"id":8871,"date":"2024-08-15T18:20:35","date_gmt":"2024-08-15T22:20:35","guid":{"rendered":"https:\/\/webdealta.info\/?p=8871"},"modified":"2024-08-15T18:20:36","modified_gmt":"2024-08-15T22:20:36","slug":"decreto-008-las-manifestaciones-deben-comunicarse-por-escrito-a-la-alcaldia","status":"publish","type":"post","link":"https:\/\/webdealta.info\/?p=8871","title":{"rendered":"Decreto 008: las manifestaciones deben comunicarse por escrito a la alcald\u00eda"},"content":{"rendered":"\n<p>Amanda Saldivia.-<\/p>\n\n\n\n<p>Mediante el decreto 008\/2024, la alcald\u00eda del municipio Jos\u00e9 Tadeo Monagas, Gu\u00e1rico, reiter\u00f3 que \u201cla celebraci\u00f3n de cualquier concentraci\u00f3n, manifestaci\u00f3n o reuni\u00f3n p\u00fablica debe ser comunicada por escrito ante la Comisionadur\u00eda de Seguridad Ciudadana\u2026con una antelaci\u00f3n de 24 horas\u201d.<\/p>\n\n\n\n<p>El decreto firmado por el alcalde Pedro Sol\u00f3rzano, el pasado tres de agosto, declara que el municipio es una \u201czona de paz y libre del fascismo, donde prevalecer\u00e1 la armon\u00eda, la concordia, la conciliaci\u00f3n, la seguridad de los ciudadanos y ciudadanas\u201d.<\/p>\n\n\n\n<p>Igualmente, el decreto especifica que, si la manifestaci\u00f3n contempla el cierre de v\u00edas, el permiso debe solicitarse con 48 horas de anticipaci\u00f3n; y en ambos casos el escrito debe contener nombre, apellido, domicilio y copia del documento de identidad del responsable u organizaciones que la promueven; adem\u00e1s de especificaciones como lugar, fecha, duraci\u00f3n, objeto, itinerario y medidas de seguridad.<\/p>\n\n\n\n<p>En el cuerpo del decreto se puede leer, que las manifestaciones que no \u201ccuenten con el permiso previo por parte de la alcald\u00eda\u2026podr\u00e1n dar lugar a que los cuerpos policiales act\u00faen dispers\u00e1ndolas con el uso de los mecanismos m\u00e1s adecuados para ello\u201d.<\/p>\n\n\n\n<p>Tambi\u00e9n deja especificado el decreto, que se brindar\u00e1n todas las garant\u00edas para que la manifestaci\u00f3n se realice con el dispositivo de seguridad que acuerde la Comisionadur\u00eda con los entes acantonados en el municipio Jos\u00e9 Tadeo Monagas.<\/p>\n\n\n\n<p>@amandasaldivia <\/p>\n\n\n\n<p><\/p>\n","protected":false},"excerpt":{"rendered":"<p>Amanda Saldivia.- Mediante el decreto 008\/2024, la alcald\u00eda del municipio Jos\u00e9 Tadeo Monagas, Gu\u00e1rico, reiter\u00f3 que \u201cla celebraci\u00f3n de cualquier concentraci\u00f3n, manifestaci\u00f3n o reuni\u00f3n p\u00fablica debe ser comunicada por escrito ante la Comisionadur\u00eda de Seguridad Ciudadana\u2026con una antelaci\u00f3n de 24 horas\u201d. El decreto firmado por el alcalde Pedro Sol\u00f3rzano, el<\/p>\n","protected":false},"author":2,"featured_media":8872,"comment_status":"open","ping_status":"open","sticky":false,"template":"","format":"standard","meta":{"advanced_seo_description":"","jetpack_seo_html_title":"","jetpack_seo_noindex":false,"_jetpack_memberships_contains_paid_content":false,"footnotes":"","jetpack_publicize_message":"","jetpack_publicize_feature_enabled":true,"jetpack_social_post_already_shared":true,"jetpack_social_options":{"image_generator_settings":{"template":"highway","enabled":false},"version":2}},"categories":[335,251],"tags":[8,7,32],"class_list":["post-8871","post","type-post","status-publish","format-standard","has-post-thumbnail","hentry","category-locales","category-webdealta","tag-altagraciadeorituco","tag-guarico","tag-webdealta",""],"jetpack_publicize_connections":[],"jetpack_featured_media_url":"https:\/\/webdealta.info\/wp-content\/uploads\/2024\/08\/decretoprotesta-webdealta-alcaldia.png","jetpack_sharing_enabled":true,"jetpack_likes_enabled":true,"jetpack-related-posts":[],"jetpack_shortlink":"https:\/\/wp.me\/pcseDn-2j5","_links":{"self":[{"href":"https:\/\/webdealta.info\/index.php?rest_route=\/wp\/v2\/posts\/8871","targetHints":{"allow":["GET"]}}],"collection":[{"href":"https:\/\/webdealta.info\/index.php?rest_route=\/wp\/v2\/posts"}],"about":[{"href":"https:\/\/webdealta.info\/index.php?rest_route=\/wp\/v2\/types\/post"}],"author":[{"embeddable":true,"href":"https:\/\/webdealta.info\/index.php?rest_route=\/wp\/v2\/users\/2"}],"replies":[{"embeddable":true,"href":"https:\/\/webdealta.info\/index.php?rest_route=%2Fwp%2Fv2%2Fcomments&post=8871"}],"version-history":[{"count":1,"href":"https:\/\/webdealta.info\/index.php?rest_route=\/wp\/v2\/posts\/8871\/revisions"}],"predecessor-version":[{"id":8873,"href":"https:\/\/webdealta.info\/index.php?rest_route=\/wp\/v2\/posts\/8871\/revisions\/8873"}],"wp:featuredmedia":[{"embeddable":true,"href":"https:\/\/webdealta.info\/index.php?rest_route=\/wp\/v2\/media\/8872"}],"wp:attachment":[{"href":"https:\/\/webdealta.info\/index.php?rest_route=%2Fwp%2Fv2%2Fmedia&parent=8871"}],"wp:term":[{"taxonomy":"category","embeddable":true,"href":"https:\/\/webdealta.info\/index.php?rest_route=%2Fwp%2Fv2%2Fcategories&post=8871"},{"taxonomy":"post_tag","embeddable":true,"href":"https:\/\/webdealta.info\/index.php?rest_route=%2Fwp%2Fv2%2Ftags&post=8871"}],"curies":[{"name":"wp","href":"https:\/\/api.w.org\/{rel}","templated":true}]}}