{"id":8859,"date":"2024-08-13T10:52:30","date_gmt":"2024-08-13T14:52:30","guid":{"rendered":"https:\/\/webdealta.info\/?p=8859"},"modified":"2024-08-13T10:53:36","modified_gmt":"2024-08-13T14:53:36","slug":"comenzo-la-rehabilitacion-de-la-iglesia-de-lezama","status":"publish","type":"post","link":"https:\/\/webdealta.info\/?p=8859","title":{"rendered":"Comenz\u00f3 la rehabilitaci\u00f3n de la iglesia de Lezama"},"content":{"rendered":"\n<p>Amanda Saldivia.-<\/p>\n\n\n\n<p>Con recursos asignados por la misi\u00f3n Venezuela Bella, comenzaron los trabajos de rehabilitaci\u00f3n de la iglesia de San Francisco Javier de Lezama, poblado ubicado a 17 kil\u00f3metros de Altagracia de Orituco.<\/p>\n\n\n\n<p>La informaci\u00f3n la dio a conocer, en la noche de este lunes 12 de agosto, Alejandro Daniel, habitante de ese poblado guarique\u00f1o, quien adem\u00e1s es parte del tren ejecutivo de la alcald\u00eda del municipio Jos\u00e9 Tadeo Monagas.<\/p>\n\n\n\n<p>Entre los datos aportados a la Web de Altagracia mencion\u00f3, que la entrega de los materiales se hizo en presencia del alcalde Pedro Sol\u00f3rzano, al tiempo que comparti\u00f3 las fotograf\u00edas donde se aprecia que anoche mismo iniciaron los trabajos.<\/p>\n\n\n\n<p>Alejandro Daniel, dijo que es una acci\u00f3n de las tres instancias de gobierno, conjuntamente con el equipo pol\u00edtico parroquial del PSUV y que siguen \u201cavanzando y trabajando para nuestro pueblo de Lezama con la presencia del p\u00e1rroco Iv\u00e1n D\u00edaz\u2026y la participaci\u00f3n de la feligres\u00eda en la labor de recuperaci\u00f3n de los espacios baluarte de la espiritualidad, la religi\u00f3n y la comuni\u00f3n que enriquecen el alma de los hombres\u201d.<\/p>\n\n\n\n<p>@amandasaldivia  <\/p>\n\n\n\n<p><\/p>\n","protected":false},"excerpt":{"rendered":"<p>Amanda Saldivia.- Con recursos asignados por la misi\u00f3n Venezuela Bella, comenzaron los trabajos de rehabilitaci\u00f3n de la iglesia de San Francisco Javier de Lezama, poblado ubicado a 17 kil\u00f3metros de Altagracia de Orituco. La informaci\u00f3n la dio a conocer, en la noche de este lunes 12 de agosto, Alejandro Daniel,<\/p>\n","protected":false},"author":2,"featured_media":8861,"comment_status":"open","ping_status":"open","sticky":false,"template":"","format":"standard","meta":{"advanced_seo_description":"","jetpack_seo_html_title":"","jetpack_seo_noindex":false,"_jetpack_memberships_contains_paid_content":false,"footnotes":"","jetpack_publicize_message":"","jetpack_publicize_feature_enabled":true,"jetpack_social_post_already_shared":true,"jetpack_social_options":{"image_generator_settings":{"template":"highway","enabled":false},"version":2}},"categories":[335,251],"tags":[8,7,32],"class_list":["post-8859","post","type-post","status-publish","format-standard","has-post-thumbnail","hentry","category-locales","category-webdealta","tag-altagraciadeorituco","tag-guarico","tag-webdealta",""],"jetpack_publicize_connections":[],"jetpack_featured_media_url":"https:\/\/webdealta.info\/wp-content\/uploads\/2024\/08\/iglesia-de-lezama-webdealta-2024.png","jetpack_sharing_enabled":true,"jetpack_likes_enabled":true,"jetpack-related-posts":[],"jetpack_shortlink":"https:\/\/wp.me\/pcseDn-2iT","_links":{"self":[{"href":"https:\/\/webdealta.info\/index.php?rest_route=\/wp\/v2\/posts\/8859","targetHints":{"allow":["GET"]}}],"collection":[{"href":"https:\/\/webdealta.info\/index.php?rest_route=\/wp\/v2\/posts"}],"about":[{"href":"https:\/\/webdealta.info\/index.php?rest_route=\/wp\/v2\/types\/post"}],"author":[{"embeddable":true,"href":"https:\/\/webdealta.info\/index.php?rest_route=\/wp\/v2\/users\/2"}],"replies":[{"embeddable":true,"href":"https:\/\/webdealta.info\/index.php?rest_route=%2Fwp%2Fv2%2Fcomments&post=8859"}],"version-history":[{"count":1,"href":"https:\/\/webdealta.info\/index.php?rest_route=\/wp\/v2\/posts\/8859\/revisions"}],"predecessor-version":[{"id":8860,"href":"https:\/\/webdealta.info\/index.php?rest_route=\/wp\/v2\/posts\/8859\/revisions\/8860"}],"wp:featuredmedia":[{"embeddable":true,"href":"https:\/\/webdealta.info\/index.php?rest_route=\/wp\/v2\/media\/8861"}],"wp:attachment":[{"href":"https:\/\/webdealta.info\/index.php?rest_route=%2Fwp%2Fv2%2Fmedia&parent=8859"}],"wp:term":[{"taxonomy":"category","embeddable":true,"href":"https:\/\/webdealta.info\/index.php?rest_route=%2Fwp%2Fv2%2Fcategories&post=8859"},{"taxonomy":"post_tag","embeddable":true,"href":"https:\/\/webdealta.info\/index.php?rest_route=%2Fwp%2Fv2%2Ftags&post=8859"}],"curies":[{"name":"wp","href":"https:\/\/api.w.org\/{rel}","templated":true}]}}