{"id":8833,"date":"2024-08-01T14:13:42","date_gmt":"2024-08-01T18:13:42","guid":{"rendered":"https:\/\/webdealta.info\/?p=8833"},"modified":"2024-08-01T14:14:03","modified_gmt":"2024-08-01T18:14:03","slug":"linea-valles-del-tuy-reactivara-ruta-altagracia-san-juan-de-los-morros","status":"publish","type":"post","link":"https:\/\/webdealta.info\/?p=8833","title":{"rendered":"L\u00ednea Valles del Tuy reactivar\u00e1 ruta Altagracia-San Juan de los Morros"},"content":{"rendered":"\n<p>Amanda Saldivia.-<\/p>\n\n\n\n<p>Este viernes, dos de agosto, ser\u00e1 restablecido el servicio de transporte colectivo de la ruta Altagracia de Orituco &#8211; San Juan de los Morros, y el s\u00e1bado Altagracia &#8211; Valle de la Pascua, seg\u00fan lo anunci\u00f3 la directiva de la l\u00ednea Valles del Tuy, con sede en esta localidad.<\/p>\n\n\n\n<p>La decisi\u00f3n de paralizar el servicio fue tras el cierre del terminal de pasajeros de San Juan de los Morros, producto de los eventos suscitados despu\u00e9s de las elecciones del pasado domingo.<\/p>\n\n\n\n<p>No obstante, ya para este viernes comenzar\u00e1n a operar normalmente, seg\u00fan el reporte de la directiva de esa organizaci\u00f3n.<\/p>\n\n\n\n<p>@amandasaldivia <\/p>\n\n\n\n<p><\/p>\n","protected":false},"excerpt":{"rendered":"<p>Amanda Saldivia.- Este viernes, dos de agosto, ser\u00e1 restablecido el servicio de transporte colectivo de la ruta Altagracia de Orituco &#8211; San Juan de los Morros, y el s\u00e1bado Altagracia &#8211; Valle de la Pascua, seg\u00fan lo anunci\u00f3 la directiva de la l\u00ednea Valles del Tuy, con sede en esta<\/p>\n","protected":false},"author":2,"featured_media":8834,"comment_status":"open","ping_status":"open","sticky":false,"template":"","format":"standard","meta":{"advanced_seo_description":"","jetpack_seo_html_title":"","jetpack_seo_noindex":false,"_jetpack_memberships_contains_paid_content":false,"footnotes":"","jetpack_publicize_message":"","jetpack_publicize_feature_enabled":true,"jetpack_social_post_already_shared":true,"jetpack_social_options":{"image_generator_settings":{"template":"highway","enabled":false},"version":2}},"categories":[73,251],"tags":[8,7,32],"class_list":["post-8833","post","type-post","status-publish","format-standard","has-post-thumbnail","hentry","category-transporte-colectivo","category-webdealta","tag-altagraciadeorituco","tag-guarico","tag-webdealta",""],"jetpack_publicize_connections":[],"jetpack_featured_media_url":"https:\/\/webdealta.info\/wp-content\/uploads\/2024\/08\/linea-valles-del-tuy-webdealta.png","jetpack_sharing_enabled":true,"jetpack_likes_enabled":true,"jetpack-related-posts":[],"jetpack_shortlink":"https:\/\/wp.me\/pcseDn-2it","_links":{"self":[{"href":"https:\/\/webdealta.info\/index.php?rest_route=\/wp\/v2\/posts\/8833","targetHints":{"allow":["GET"]}}],"collection":[{"href":"https:\/\/webdealta.info\/index.php?rest_route=\/wp\/v2\/posts"}],"about":[{"href":"https:\/\/webdealta.info\/index.php?rest_route=\/wp\/v2\/types\/post"}],"author":[{"embeddable":true,"href":"https:\/\/webdealta.info\/index.php?rest_route=\/wp\/v2\/users\/2"}],"replies":[{"embeddable":true,"href":"https:\/\/webdealta.info\/index.php?rest_route=%2Fwp%2Fv2%2Fcomments&post=8833"}],"version-history":[{"count":1,"href":"https:\/\/webdealta.info\/index.php?rest_route=\/wp\/v2\/posts\/8833\/revisions"}],"predecessor-version":[{"id":8835,"href":"https:\/\/webdealta.info\/index.php?rest_route=\/wp\/v2\/posts\/8833\/revisions\/8835"}],"wp:featuredmedia":[{"embeddable":true,"href":"https:\/\/webdealta.info\/index.php?rest_route=\/wp\/v2\/media\/8834"}],"wp:attachment":[{"href":"https:\/\/webdealta.info\/index.php?rest_route=%2Fwp%2Fv2%2Fmedia&parent=8833"}],"wp:term":[{"taxonomy":"category","embeddable":true,"href":"https:\/\/webdealta.info\/index.php?rest_route=%2Fwp%2Fv2%2Fcategories&post=8833"},{"taxonomy":"post_tag","embeddable":true,"href":"https:\/\/webdealta.info\/index.php?rest_route=%2Fwp%2Fv2%2Ftags&post=8833"}],"curies":[{"name":"wp","href":"https:\/\/api.w.org\/{rel}","templated":true}]}}