{"id":8806,"date":"2024-07-17T20:25:17","date_gmt":"2024-07-18T00:25:17","guid":{"rendered":"https:\/\/webdealta.info\/?p=8806"},"modified":"2024-07-17T20:30:49","modified_gmt":"2024-07-18T00:30:49","slug":"18j-inicia-edijo-en-altagracia-de-orituco","status":"publish","type":"post","link":"https:\/\/webdealta.info\/?p=8806","title":{"rendered":"18J: Inicia EDIJO en Altagracia de Orituco"},"content":{"rendered":"\n<p>Amanda Saldivia.-<\/p>\n\n\n\n<p>Altagracia de Orituco recibe, este jueves 18 de julio, a 248 j\u00f3venes provenientes de 32 parroquias eclesi\u00e1sticas que forman parte la Di\u00f3cesis de Valle de la Pascua, con la finalidad de vivir el EDIJO 2024, junto al obispo Monse\u00f1or Ricardo Barreto.<\/p>\n\n\n\n<p>En el programa Tiempo de Cambios, transmitido por la emisora Activa 104.9 FM, Miguel \u00c1ngel Ruiz, coordinador diocesano de Pastoral Juvenil, acompa\u00f1ado por Jorge Vel\u00e1squez, vice coordinador diocesano de la Pastora Juvenil; Ana Ochoa, delegada diocesana del programa J\u00f3venes Disc\u00edpulos y Andy Laya, coordinador arcipreste de Pastoral Juvenil, compartieron la programaci\u00f3n que cumplir\u00e1n desde este jueves 18 de julio, hasta el pr\u00f3ximo domingo 21.<\/p>\n\n\n\n<p>Para este jueves, a las 3:00 pm, est\u00e1 pautado recibir a las delegaciones en la parroquia Nuestra Se\u00f1ora de Altagracia, con la presencia del padre Cruz Mujica, Vicario del Arciprestazgo Beata Madre Candelaria de San Jos\u00e9, y otros sacerdotes de la Di\u00f3cesis.<\/p>\n\n\n\n<p>Luego de las actividades de bienvenida, los 248 j\u00f3venes ser\u00e1n distribuidos en las cuatro parroquias de acogida. Ellas son Nuestra Se\u00f1ora de Altagracia, Nuestra Se\u00f1ora de los Dolores, San Rafael de Orituco y San Jos\u00e9 Obrero, en las cuales tendr\u00e1n jornadas de evangelizaci\u00f3n, reflexi\u00f3n y oraci\u00f3n durante el d\u00eda viernes.<\/p>\n\n\n\n<p>El Encuentro Diocesano de J\u00f3venes contin\u00faa el s\u00e1bado con la toma del sector Saladillo y en horas de la noche la vigilia con Monse\u00f1or Ricardo Barreto; para cerrar el domingo con misa, actos culturales y feria vocacional, entre otras.<\/p>\n\n\n\n<p>@amandasaldivia  <\/p>\n\n\n\n<p><\/p>\n","protected":false},"excerpt":{"rendered":"<p>Amanda Saldivia.- Altagracia de Orituco recibe, este jueves 18 de julio, a 248 j\u00f3venes provenientes de 32 parroquias eclesi\u00e1sticas que forman parte la Di\u00f3cesis de Valle de la Pascua, con la finalidad de vivir el EDIJO 2024, junto al obispo Monse\u00f1or Ricardo Barreto. En el programa Tiempo de Cambios, transmitido<\/p>\n","protected":false},"author":2,"featured_media":8808,"comment_status":"open","ping_status":"open","sticky":false,"template":"","format":"standard","meta":{"advanced_seo_description":"","jetpack_seo_html_title":"","jetpack_seo_noindex":false,"_jetpack_memberships_contains_paid_content":false,"footnotes":"","jetpack_publicize_message":"","jetpack_publicize_feature_enabled":true,"jetpack_social_post_already_shared":true,"jetpack_social_options":{"image_generator_settings":{"template":"highway","enabled":false},"version":2}},"categories":[42,251],"tags":[],"class_list":["post-8806","post","type-post","status-publish","format-standard","has-post-thumbnail","hentry","category-iglesia-catolica","category-webdealta",""],"jetpack_publicize_connections":[],"jetpack_featured_media_url":"https:\/\/webdealta.info\/wp-content\/uploads\/2024\/07\/edijo-beata-webdealta.png","jetpack_sharing_enabled":true,"jetpack_likes_enabled":true,"jetpack-related-posts":[],"jetpack_shortlink":"https:\/\/wp.me\/pcseDn-2i2","_links":{"self":[{"href":"https:\/\/webdealta.info\/index.php?rest_route=\/wp\/v2\/posts\/8806","targetHints":{"allow":["GET"]}}],"collection":[{"href":"https:\/\/webdealta.info\/index.php?rest_route=\/wp\/v2\/posts"}],"about":[{"href":"https:\/\/webdealta.info\/index.php?rest_route=\/wp\/v2\/types\/post"}],"author":[{"embeddable":true,"href":"https:\/\/webdealta.info\/index.php?rest_route=\/wp\/v2\/users\/2"}],"replies":[{"embeddable":true,"href":"https:\/\/webdealta.info\/index.php?rest_route=%2Fwp%2Fv2%2Fcomments&post=8806"}],"version-history":[{"count":1,"href":"https:\/\/webdealta.info\/index.php?rest_route=\/wp\/v2\/posts\/8806\/revisions"}],"predecessor-version":[{"id":8807,"href":"https:\/\/webdealta.info\/index.php?rest_route=\/wp\/v2\/posts\/8806\/revisions\/8807"}],"wp:featuredmedia":[{"embeddable":true,"href":"https:\/\/webdealta.info\/index.php?rest_route=\/wp\/v2\/media\/8808"}],"wp:attachment":[{"href":"https:\/\/webdealta.info\/index.php?rest_route=%2Fwp%2Fv2%2Fmedia&parent=8806"}],"wp:term":[{"taxonomy":"category","embeddable":true,"href":"https:\/\/webdealta.info\/index.php?rest_route=%2Fwp%2Fv2%2Fcategories&post=8806"},{"taxonomy":"post_tag","embeddable":true,"href":"https:\/\/webdealta.info\/index.php?rest_route=%2Fwp%2Fv2%2Ftags&post=8806"}],"curies":[{"name":"wp","href":"https:\/\/api.w.org\/{rel}","templated":true}]}}