{"id":8803,"date":"2024-07-16T22:45:56","date_gmt":"2024-07-17T02:45:56","guid":{"rendered":"https:\/\/webdealta.info\/?p=8803"},"modified":"2024-07-16T22:46:03","modified_gmt":"2024-07-17T02:46:03","slug":"hace-17-anos-se-fundo-el-taller-laboral-san-miguel-arcangel","status":"publish","type":"post","link":"https:\/\/webdealta.info\/?p=8803","title":{"rendered":"Hace 17 a\u00f1os se fund\u00f3 el taller laboral San Miguel Arc\u00e1ngel"},"content":{"rendered":"\n<p>Amanda Saldivia.-<\/p>\n\n\n\n<p>El Taller de Educaci\u00f3n Laboral San Miguel Arc\u00e1ngel cumpli\u00f3 17 a\u00f1os de fundado, este 16 de julio, motivo por el cual el profesor Jos\u00e9 Gregorio Hern\u00e1ndez, responsable de Medios Alternativos y Comunicaci\u00f3n de esa instituci\u00f3n, resalt\u00f3 c\u00f3mo naci\u00f3 este proyecto para dar continuidad de estudios a los j\u00f3venes con condici\u00f3n de aprendizaje especiales que egresaban del IEE Altagracia.<\/p>\n\n\n\n<p>En el programa Tiempo de Cambios, que se transmite por la emisora Activa 104.9 FM de Altagracia de Orituco, se\u00f1al\u00f3 que las impulsoras de este proyecto fueron tres docentes, Rosa Duarte, Esmeralda Belisario y Tamaira Ortu\u00f1o, quienes habilitaron un aula en el IEE con una matr\u00edcula inicial de 19 estudiantes, en el per\u00edodo escolar 2004-2005.<\/p>\n\n\n\n<p>\u201cPara el 18 de julio de 2006, por disposici\u00f3n de la Direcci\u00f3n General de Educaci\u00f3n Especial es promovido este proyecto a taller laboral, se inician los tr\u00e1mites en el 2006 para la solicitud del personal, para el a\u00f1o 2007 la profesora Rosa Duarte es designada directora encargada de la instituci\u00f3n y en ese mismo a\u00f1o se le da el ep\u00f3nimo de San Miguel Arc\u00e1ngel\u201d, cont\u00f3 el profesor Hern\u00e1ndez.<\/p>\n\n\n\n<p>Durante el programa radial, explic\u00f3 que pasaron de funcionar en un aula en el IEE Altagracia a otros espacios, entre ellos la escuela de artes y oficios Higinio Morales, la Casa de la Cultura y en la sede actual, ubicada en la entrada de la urbanizaci\u00f3n El Diamante, donde est\u00e1n en condici\u00f3n de comodato.<\/p>\n\n\n\n<p>Igualmente, destac\u00f3 la importancia de la instituci\u00f3n, porque permite que los ni\u00f1os que egresan del IEE Altagracia tengan un lugar donde proseguir la formaci\u00f3n en \u00e1reas, tales como agricultura, artes, manualidades, m\u00fasica, corte y costura.<\/p>\n\n\n\n<p>@amandasaldivia <\/p>\n\n\n\n<p><\/p>\n","protected":false},"excerpt":{"rendered":"<p>Amanda Saldivia.- El Taller de Educaci\u00f3n Laboral San Miguel Arc\u00e1ngel cumpli\u00f3 17 a\u00f1os de fundado, este 16 de julio, motivo por el cual el profesor Jos\u00e9 Gregorio Hern\u00e1ndez, responsable de Medios Alternativos y Comunicaci\u00f3n de esa instituci\u00f3n, resalt\u00f3 c\u00f3mo naci\u00f3 este proyecto para dar continuidad de estudios a los j\u00f3venes<\/p>\n","protected":false},"author":2,"featured_media":8804,"comment_status":"open","ping_status":"open","sticky":false,"template":"","format":"standard","meta":{"advanced_seo_description":"","jetpack_seo_html_title":"","jetpack_seo_noindex":false,"_jetpack_memberships_contains_paid_content":false,"footnotes":"","jetpack_publicize_message":"","jetpack_publicize_feature_enabled":true,"jetpack_social_post_already_shared":true,"jetpack_social_options":{"image_generator_settings":{"template":"highway","enabled":false},"version":2}},"categories":[151,251],"tags":[],"class_list":["post-8803","post","type-post","status-publish","format-standard","has-post-thumbnail","hentry","category-educacion","category-webdealta",""],"jetpack_publicize_connections":[],"jetpack_featured_media_url":"https:\/\/webdealta.info\/wp-content\/uploads\/2024\/07\/taller-laboral-web-de-alta.png","jetpack_sharing_enabled":true,"jetpack_likes_enabled":true,"jetpack-related-posts":[],"jetpack_shortlink":"https:\/\/wp.me\/pcseDn-2hZ","_links":{"self":[{"href":"https:\/\/webdealta.info\/index.php?rest_route=\/wp\/v2\/posts\/8803","targetHints":{"allow":["GET"]}}],"collection":[{"href":"https:\/\/webdealta.info\/index.php?rest_route=\/wp\/v2\/posts"}],"about":[{"href":"https:\/\/webdealta.info\/index.php?rest_route=\/wp\/v2\/types\/post"}],"author":[{"embeddable":true,"href":"https:\/\/webdealta.info\/index.php?rest_route=\/wp\/v2\/users\/2"}],"replies":[{"embeddable":true,"href":"https:\/\/webdealta.info\/index.php?rest_route=%2Fwp%2Fv2%2Fcomments&post=8803"}],"version-history":[{"count":1,"href":"https:\/\/webdealta.info\/index.php?rest_route=\/wp\/v2\/posts\/8803\/revisions"}],"predecessor-version":[{"id":8805,"href":"https:\/\/webdealta.info\/index.php?rest_route=\/wp\/v2\/posts\/8803\/revisions\/8805"}],"wp:featuredmedia":[{"embeddable":true,"href":"https:\/\/webdealta.info\/index.php?rest_route=\/wp\/v2\/media\/8804"}],"wp:attachment":[{"href":"https:\/\/webdealta.info\/index.php?rest_route=%2Fwp%2Fv2%2Fmedia&parent=8803"}],"wp:term":[{"taxonomy":"category","embeddable":true,"href":"https:\/\/webdealta.info\/index.php?rest_route=%2Fwp%2Fv2%2Fcategories&post=8803"},{"taxonomy":"post_tag","embeddable":true,"href":"https:\/\/webdealta.info\/index.php?rest_route=%2Fwp%2Fv2%2Ftags&post=8803"}],"curies":[{"name":"wp","href":"https:\/\/api.w.org\/{rel}","templated":true}]}}