{"id":8799,"date":"2024-07-14T16:13:41","date_gmt":"2024-07-14T20:13:41","guid":{"rendered":"https:\/\/webdealta.info\/?p=8799"},"modified":"2024-07-14T16:15:30","modified_gmt":"2024-07-14T20:15:30","slug":"se-estreno-el-podcast-residenciadas-de-la-periodista-anabell-ceballos","status":"publish","type":"post","link":"https:\/\/webdealta.info\/?p=8799","title":{"rendered":"Se estren\u00f3 el podcast Residenciadas de la periodista Anabell Ceballos"},"content":{"rendered":"\n<p>Residenciadas, una historia de alquiler que muchos, tal vez, han vivido, es un proyecto de entretenimiento de la pluma de la periodista gracitana Anabell Ceballos, que muestra la dura y, a la vez, sat\u00edrica convivencia en una casa ajena en alquiler para estudiantes universitarios.<\/p>\n\n\n\n<p>Esta producci\u00f3n, tipo podcast, es trasmitida por la emisora Activa 104.9 FM de Altagracia de Orituco e Instagram <a href=\"https:\/\/t.me\/residenciadasvzla\">@residenciadasvzla<\/a> . El elenco est\u00e1 conformado por Yaneth Chique, como Yelitza, Manuel Sierra, como Eduardo &#8211; Ainhoa Dupont; Yazualdi Barrueta, como Kodaki; Maryuri Su\u00e1rez, como Carmen Luisa; Blanca Gonz\u00e1lez, como Altagracia; Yuly Santiago, como Do\u00f1a Remedios; Carlos Le\u00f3n, como Romeo; Sarahy B\u00e1ez, como Liz; y Alejandro Lez, como Rodrigo.<\/p>\n\n\n\n<p>La narraci\u00f3n est\u00e1 a cargo de Mayerli Arocha, locutora gracitana radicada en Argentina. Es importante destacar, que dentro del proyecto se realiz\u00f3 el lanzamiento del tema Palante Voy del compositor y productor musical Alejandro Lez.<\/p>\n\n\n\n<p>El lanzamiento de Residenciadas fue el pasado lunes 8 de julio, a las 9:00 pm, en simult\u00e1neo con la emisora Activa 104.9 FM. Son en total 10 cap\u00edtulos con una duraci\u00f3n entre los 13 a 15 minutos.<\/p>\n\n\n\n<p>La producci\u00f3n cuenta con edici\u00f3n y montaje, adem\u00e1s de un elenco <a href=\"tg:\/\/search_hashtag?hashtag=voicetalent\">#voicetalent<\/a> de la misma localidad, Altagracia de Orituco &#8211; Edo. Gu\u00e1rico.<\/p>\n\n\n\n<p>Prensa @residenciadasvzla<\/p>\n\n\n\n<p><\/p>\n","protected":false},"excerpt":{"rendered":"<p>Residenciadas, una historia de alquiler que muchos, tal vez, han vivido, es un proyecto de entretenimiento de la pluma de la periodista gracitana Anabell Ceballos, que muestra la dura y, a la vez, sat\u00edrica convivencia en una casa ajena en alquiler para estudiantes universitarios. Esta producci\u00f3n, tipo podcast, es trasmitida<\/p>\n","protected":false},"author":2,"featured_media":8800,"comment_status":"open","ping_status":"open","sticky":false,"template":"","format":"standard","meta":{"advanced_seo_description":"","jetpack_seo_html_title":"","jetpack_seo_noindex":false,"_jetpack_memberships_contains_paid_content":false,"footnotes":"","jetpack_publicize_message":"","jetpack_publicize_feature_enabled":true,"jetpack_social_post_already_shared":true,"jetpack_social_options":{"image_generator_settings":{"template":"highway","enabled":false},"version":2}},"categories":[341,251],"tags":[8,7,32],"class_list":["post-8799","post","type-post","status-publish","format-standard","has-post-thumbnail","hentry","category-entretenimiento","category-webdealta","tag-altagraciadeorituco","tag-guarico","tag-webdealta",""],"jetpack_publicize_connections":[],"jetpack_featured_media_url":"https:\/\/webdealta.info\/wp-content\/uploads\/2024\/07\/residenciadas-webdealta-anabell-ceballos.png","jetpack_sharing_enabled":true,"jetpack_likes_enabled":true,"jetpack-related-posts":[],"jetpack_shortlink":"https:\/\/wp.me\/pcseDn-2hV","_links":{"self":[{"href":"https:\/\/webdealta.info\/index.php?rest_route=\/wp\/v2\/posts\/8799","targetHints":{"allow":["GET"]}}],"collection":[{"href":"https:\/\/webdealta.info\/index.php?rest_route=\/wp\/v2\/posts"}],"about":[{"href":"https:\/\/webdealta.info\/index.php?rest_route=\/wp\/v2\/types\/post"}],"author":[{"embeddable":true,"href":"https:\/\/webdealta.info\/index.php?rest_route=\/wp\/v2\/users\/2"}],"replies":[{"embeddable":true,"href":"https:\/\/webdealta.info\/index.php?rest_route=%2Fwp%2Fv2%2Fcomments&post=8799"}],"version-history":[{"count":2,"href":"https:\/\/webdealta.info\/index.php?rest_route=\/wp\/v2\/posts\/8799\/revisions"}],"predecessor-version":[{"id":8802,"href":"https:\/\/webdealta.info\/index.php?rest_route=\/wp\/v2\/posts\/8799\/revisions\/8802"}],"wp:featuredmedia":[{"embeddable":true,"href":"https:\/\/webdealta.info\/index.php?rest_route=\/wp\/v2\/media\/8800"}],"wp:attachment":[{"href":"https:\/\/webdealta.info\/index.php?rest_route=%2Fwp%2Fv2%2Fmedia&parent=8799"}],"wp:term":[{"taxonomy":"category","embeddable":true,"href":"https:\/\/webdealta.info\/index.php?rest_route=%2Fwp%2Fv2%2Fcategories&post=8799"},{"taxonomy":"post_tag","embeddable":true,"href":"https:\/\/webdealta.info\/index.php?rest_route=%2Fwp%2Fv2%2Ftags&post=8799"}],"curies":[{"name":"wp","href":"https:\/\/api.w.org\/{rel}","templated":true}]}}