{"id":8795,"date":"2024-07-14T15:44:37","date_gmt":"2024-07-14T19:44:37","guid":{"rendered":"https:\/\/webdealta.info\/?p=8795"},"modified":"2024-07-14T15:44:41","modified_gmt":"2024-07-14T19:44:41","slug":"alejandro-lez-lanzo-nuevo-tema-palante-voy","status":"publish","type":"post","link":"https:\/\/webdealta.info\/?p=8795","title":{"rendered":"Alejandro Lez lanz\u00f3 nuevo tema Palante Voy"},"content":{"rendered":"\n<p>Amanda Saldivia.-<\/p>\n\n\n\n<p>Alejandro Lez, cantante, compositor y arreglista, residenciado en Altagracia de Orituco, lanz\u00f3 esta semana un nuevo tema titulado <strong>Palante Voy<\/strong>, una fusi\u00f3nPopRock Latino, bailable, cuyo video promocional ya est\u00e1 disponible en la plataforma YouTube.<\/p>\n\n\n\n<p>Este caraque\u00f1o de nacimiento, es matem\u00e1tico, egresado de la Universidad Central de Venezuela y en esa etapa combin\u00f3 los estudios con su pasi\u00f3n por la m\u00fasica. De all\u00ed su relaci\u00f3n con el maestro Euro Nava, quien lo impulsa a participar en la Voz Ucevista en el a\u00f1o 2008, evento donde se posicion\u00f3 como int\u00e9rprete y creador de canciones originales.<\/p>\n\n\n\n<p>Para el a\u00f1o 2013, Alejandro Lez graba su primer tema como solista en el g\u00e9nero rom\u00e1ntico con la balada <strong>Mil Noches<\/strong>, para posteriormente continuar con composiciones en bachata y salsa juvenil con <strong>Lo que siento por ti<\/strong> y <strong>Si no fue casualidad<\/strong>.<\/p>\n\n\n\n<p>Redes de Alejandro Lez Instagram: @AlejandroLez FACEBOOK: AlejandroLez TWITTER: @Alejandro_Lez TikTok: @alejandrolezoficial<\/p>\n\n\n\n<p>@amandasaldivia<\/p>\n\n\n\n<p><\/p>\n","protected":false},"excerpt":{"rendered":"<p>Amanda Saldivia.- Alejandro Lez, cantante, compositor y arreglista, residenciado en Altagracia de Orituco, lanz\u00f3 esta semana un nuevo tema titulado Palante Voy, una fusi\u00f3nPopRock Latino, bailable, cuyo video promocional ya est\u00e1 disponible en la plataforma YouTube. Este caraque\u00f1o de nacimiento, es matem\u00e1tico, egresado de la Universidad Central de Venezuela y<\/p>\n","protected":false},"author":2,"featured_media":8796,"comment_status":"open","ping_status":"open","sticky":false,"template":"","format":"standard","meta":{"advanced_seo_description":"","jetpack_seo_html_title":"","jetpack_seo_noindex":false,"_jetpack_memberships_contains_paid_content":false,"footnotes":"","jetpack_publicize_message":"","jetpack_publicize_feature_enabled":true,"jetpack_social_post_already_shared":true,"jetpack_social_options":{"image_generator_settings":{"template":"highway","enabled":false},"version":2}},"categories":[329,251],"tags":[8,7,32],"class_list":["post-8795","post","type-post","status-publish","format-standard","has-post-thumbnail","hentry","category-farandula","category-webdealta","tag-altagraciadeorituco","tag-guarico","tag-webdealta",""],"jetpack_publicize_connections":[],"jetpack_featured_media_url":"https:\/\/webdealta.info\/wp-content\/uploads\/2024\/07\/alejnadro-lez-webdealta-2024.png","jetpack_sharing_enabled":true,"jetpack_likes_enabled":true,"jetpack-related-posts":[],"jetpack_shortlink":"https:\/\/wp.me\/pcseDn-2hR","_links":{"self":[{"href":"https:\/\/webdealta.info\/index.php?rest_route=\/wp\/v2\/posts\/8795","targetHints":{"allow":["GET"]}}],"collection":[{"href":"https:\/\/webdealta.info\/index.php?rest_route=\/wp\/v2\/posts"}],"about":[{"href":"https:\/\/webdealta.info\/index.php?rest_route=\/wp\/v2\/types\/post"}],"author":[{"embeddable":true,"href":"https:\/\/webdealta.info\/index.php?rest_route=\/wp\/v2\/users\/2"}],"replies":[{"embeddable":true,"href":"https:\/\/webdealta.info\/index.php?rest_route=%2Fwp%2Fv2%2Fcomments&post=8795"}],"version-history":[{"count":1,"href":"https:\/\/webdealta.info\/index.php?rest_route=\/wp\/v2\/posts\/8795\/revisions"}],"predecessor-version":[{"id":8797,"href":"https:\/\/webdealta.info\/index.php?rest_route=\/wp\/v2\/posts\/8795\/revisions\/8797"}],"wp:featuredmedia":[{"embeddable":true,"href":"https:\/\/webdealta.info\/index.php?rest_route=\/wp\/v2\/media\/8796"}],"wp:attachment":[{"href":"https:\/\/webdealta.info\/index.php?rest_route=%2Fwp%2Fv2%2Fmedia&parent=8795"}],"wp:term":[{"taxonomy":"category","embeddable":true,"href":"https:\/\/webdealta.info\/index.php?rest_route=%2Fwp%2Fv2%2Fcategories&post=8795"},{"taxonomy":"post_tag","embeddable":true,"href":"https:\/\/webdealta.info\/index.php?rest_route=%2Fwp%2Fv2%2Ftags&post=8795"}],"curies":[{"name":"wp","href":"https:\/\/api.w.org\/{rel}","templated":true}]}}