{"id":8787,"date":"2024-07-03T20:28:22","date_gmt":"2024-07-04T00:28:22","guid":{"rendered":"https:\/\/webdealta.info\/?p=8787"},"modified":"2024-07-03T20:28:26","modified_gmt":"2024-07-04T00:28:26","slug":"enviadas-mas-de-2-mil-toneladas-de-ayuda-humanitaria-a-sucre","status":"publish","type":"post","link":"https:\/\/webdealta.info\/?p=8787","title":{"rendered":"Enviadas m\u00e1s de 2 mil toneladas de ayuda humanitaria a Sucre"},"content":{"rendered":"\n<p>M\u00e1s de 2 mil toneladas en insumos m\u00e9dicos, alimentos, agua potable y otros enseres de primera necesidad, forman parte de la ayuda humanitaria enviada por el Gobierno Bolivariano para la atenci\u00f3n de m\u00e1s de 25 mil personas afectadas en Cumanacoa, municipio Montes del estado Sucre, luego de las fuertes lluvias registradas la noche de este lunes, tras el paso del Hurac\u00e1n Beryl.<\/p>\n\n\n\n<p>El vicepresidente Sectorial para la Seguridad Ciudadana y la Paz, A\/J Remigio Ceballos Ichaso, inform\u00f3 a trav\u00e9s de llamada telef\u00f3nica en el programa \u00abCaf\u00e9 en la Ma\u00f1ana\u00bb que el \u201cpoder popular est\u00e1 trabajando de la mano con los \u00f3rganos de seguridad ciudadana, para atender todos los temas de mitigaci\u00f3n que corresponde de acuerdo a los protocolos que tenemos en el Plan Nacional de Gesti\u00f3n de Riesgo\u00bb.<\/p>\n\n\n\n<p>Asimismo, destac\u00f3 que los funcionarios del Sistema Nacional de Gesti\u00f3n de Riesgos y la Fuerza de Tarea Humanitaria Sim\u00f3n Bol\u00edvar, est\u00e1n desplegados para atender a las poblaciones aleda\u00f1as afectadas por las lluvias.<\/p>\n\n\n\n<p>El titular de la cartera de Relaciones Interiores Justicia y Paz, inform\u00f3 del lamentable saldo de dos personas fallecidas y cinco desaparecidas. \u201cEstamos en B\u00fasqueda permanente y directa\u201d, apunt\u00f3.<\/p>\n\n\n\n<p>Todos los \u00f3rganos de atenci\u00f3n ciudadana que conforman el Sistema Nacional de Gesti\u00f3n de Riesgo, personal de rescate, t\u00e9cnico especializado en Evaluaci\u00f3n de Da\u00f1os y An\u00e1lisis de Necesidades (EDAN), t\u00e9cnicos en emergencias m\u00e9dicas y atenci\u00f3n prehospitalaria, han sido desplegados para atender a las familias afectadas por las precipitaciones.<\/p>\n\n\n\n<p>Con la activaci\u00f3n de la Fuerza de Tarea Humanitaria Sim\u00f3n Bol\u00edvar, se da cumplimiento al art\u00edculo 338 de la Constituci\u00f3n Bolivariana y a la l\u00ednea estrat\u00e9gica N\u00b0 1 del v\u00e9rtice 5 de los Cuadrantes de Paz, para garantizar la atenci\u00f3n integral de los afectados durante la emergencia.<\/p>\n\n\n\n<p>Cabe destacar que el pasado lunes, la vicepresidenta Ejecutiva de la Rep\u00fablica, Delcy Rodr\u00edguez, inform\u00f3 que ante el desplazamiento del hurac\u00e1n Beryl por el Mar Caribe, fue activado el Sistema Nacional de Gesti\u00f3n de Riesgos para prevenir y responder a cualquier incidencia por las lluvias.<\/p>\n\n\n\n<p>Rodr\u00edguez a\u00f1adi\u00f3 que el mandatario nacional instruy\u00f3 activar el Sistema de Gesti\u00f3n Internacional de Solidaridad para cualquier situaci\u00f3n que pueda generar en pa\u00edses vecinos del Mar Caribe. \u201cEstamos muy atentos al paso de este hurac\u00e1n y el llamado es a la prevenci\u00f3n y conciencia, nuestro mensaje es de tranquilidad a la poblaci\u00f3n y de acompa\u00f1amiento por parte de los organismos del Estado\u201d, se\u00f1al\u00f3.\u00a0<strong>AG\/AR<\/strong><br><br>Prensa Protecci\u00f3n Civil<br><br><\/p>\n","protected":false},"excerpt":{"rendered":"<p>M\u00e1s de 2 mil toneladas en insumos m\u00e9dicos, alimentos, agua potable y otros enseres de primera necesidad, forman parte de la ayuda humanitaria enviada por el Gobierno Bolivariano para la atenci\u00f3n de m\u00e1s de 25 mil personas afectadas en Cumanacoa, municipio Montes del estado Sucre, luego de las fuertes lluvias<\/p>\n","protected":false},"author":2,"featured_media":8788,"comment_status":"open","ping_status":"open","sticky":false,"template":"","format":"standard","meta":{"advanced_seo_description":"","jetpack_seo_html_title":"","jetpack_seo_noindex":false,"_jetpack_memberships_contains_paid_content":false,"footnotes":"","jetpack_publicize_message":"","jetpack_publicize_feature_enabled":true,"jetpack_social_post_already_shared":true,"jetpack_social_options":{"image_generator_settings":{"template":"highway","enabled":false},"version":2}},"categories":[54,251],"tags":[8,7,32],"class_list":["post-8787","post","type-post","status-publish","format-standard","has-post-thumbnail","hentry","category-lluvias","category-webdealta","tag-altagraciadeorituco","tag-guarico","tag-webdealta",""],"jetpack_publicize_connections":[],"jetpack_featured_media_url":"https:\/\/webdealta.info\/wp-content\/uploads\/2024\/07\/ayuda-sucre-webdealta.png","jetpack_sharing_enabled":true,"jetpack_likes_enabled":true,"jetpack-related-posts":[],"jetpack_shortlink":"https:\/\/wp.me\/pcseDn-2hJ","_links":{"self":[{"href":"https:\/\/webdealta.info\/index.php?rest_route=\/wp\/v2\/posts\/8787","targetHints":{"allow":["GET"]}}],"collection":[{"href":"https:\/\/webdealta.info\/index.php?rest_route=\/wp\/v2\/posts"}],"about":[{"href":"https:\/\/webdealta.info\/index.php?rest_route=\/wp\/v2\/types\/post"}],"author":[{"embeddable":true,"href":"https:\/\/webdealta.info\/index.php?rest_route=\/wp\/v2\/users\/2"}],"replies":[{"embeddable":true,"href":"https:\/\/webdealta.info\/index.php?rest_route=%2Fwp%2Fv2%2Fcomments&post=8787"}],"version-history":[{"count":1,"href":"https:\/\/webdealta.info\/index.php?rest_route=\/wp\/v2\/posts\/8787\/revisions"}],"predecessor-version":[{"id":8789,"href":"https:\/\/webdealta.info\/index.php?rest_route=\/wp\/v2\/posts\/8787\/revisions\/8789"}],"wp:featuredmedia":[{"embeddable":true,"href":"https:\/\/webdealta.info\/index.php?rest_route=\/wp\/v2\/media\/8788"}],"wp:attachment":[{"href":"https:\/\/webdealta.info\/index.php?rest_route=%2Fwp%2Fv2%2Fmedia&parent=8787"}],"wp:term":[{"taxonomy":"category","embeddable":true,"href":"https:\/\/webdealta.info\/index.php?rest_route=%2Fwp%2Fv2%2Fcategories&post=8787"},{"taxonomy":"post_tag","embeddable":true,"href":"https:\/\/webdealta.info\/index.php?rest_route=%2Fwp%2Fv2%2Ftags&post=8787"}],"curies":[{"name":"wp","href":"https:\/\/api.w.org\/{rel}","templated":true}]}}