{"id":8761,"date":"2024-06-24T20:40:12","date_gmt":"2024-06-25T00:40:12","guid":{"rendered":"https:\/\/webdealta.info\/?p=8761"},"modified":"2024-06-24T20:40:13","modified_gmt":"2024-06-25T00:40:13","slug":"en-el-orituco-conmemoraron-los-203-anos-de-la-batalla-de-carabobo","status":"publish","type":"post","link":"https:\/\/webdealta.info\/?p=8761","title":{"rendered":"En el Orituco conmemoraron los 203 a\u00f1os de la batalla de Carabobo"},"content":{"rendered":"\n<p>Prensa alcald\u00eda.- Este 24 de junio, en conmemoraci\u00f3n de los 203 a\u00f1os de la Batalla de Carabobo y el D\u00eda del Ej\u00e9rcito Bolivariano, se llev\u00f3 a cabo un acto c\u00edvico militar en la plaza Bol\u00edvar de Altagracia de Orituco, municipio Jos\u00e9 Tadeo Monagas.<\/p>\n\n\n\n<p>El evento cont\u00f3 con la presencia de destacadas autoridades, entre ellas el Abog. Pedro Sol\u00f3rzano, acompa\u00f1ando de la primera combatiente Dra Elsy Rodr\u00edguez, teniente coronel Wilmfrank Tayupe, comandante del 296 grupo Artiller\u00eda y defensa Anti A\u00e9rea \u00abTeniente Coronel Rupert Hand\u00bb, as\u00ed como autoridades militares, policiales, civiles e institucionales.<\/p>\n\n\n\n<p>Durante la ceremonia, se realiz\u00f3 una emotiva ofrenda floral al busto de Sim\u00f3n Bol\u00edvar, en honor al papel fundamental que jug\u00f3 en la gesta independentista. Adem\u00e1s, se llevaron a cabo diversas muestras culturales a cargo de la Escuela de Joropo y la Agrupaci\u00f3n Llano y Folklore, acompa\u00f1adas por cantantes de m\u00fasica llanera.<\/p>\n\n\n\n<p>La Direcci\u00f3n de Arte, Cultura y Patrimonio, junto con Faemsb, fueron los encargados de coordinar las actividades culturales que enmarcaron este acto conmemorativo, resaltando la importancia de mantener viva la memoria hist\u00f3rica de nuestra naci\u00f3n.<\/p>\n\n\n\n<p>Este acto c\u00edvico militar fue un tributo a la valent\u00eda y el sacrificio de los h\u00e9roes que lucharon en la Batalla de Carabobo y en todas las gestas que consolidaron la independencia de Venezuela.<\/p>\n\n\n\n<p>Fotos cortes\u00eda Prensa Alcald\u00eda<\/p>\n\n\n\n<p><\/p>\n","protected":false},"excerpt":{"rendered":"<p>Prensa alcald\u00eda.- Este 24 de junio, en conmemoraci\u00f3n de los 203 a\u00f1os de la Batalla de Carabobo y el D\u00eda del Ej\u00e9rcito Bolivariano, se llev\u00f3 a cabo un acto c\u00edvico militar en la plaza Bol\u00edvar de Altagracia de Orituco, municipio Jos\u00e9 Tadeo Monagas. El evento cont\u00f3 con la presencia de<\/p>\n","protected":false},"author":2,"featured_media":8762,"comment_status":"open","ping_status":"open","sticky":false,"template":"","format":"standard","meta":{"advanced_seo_description":"","jetpack_seo_html_title":"","jetpack_seo_noindex":false,"_jetpack_memberships_contains_paid_content":false,"footnotes":"","jetpack_publicize_message":"","jetpack_publicize_feature_enabled":true,"jetpack_social_post_already_shared":true,"jetpack_social_options":{"image_generator_settings":{"template":"highway","enabled":false},"version":2}},"categories":[323,251],"tags":[8,7,32],"class_list":["post-8761","post","type-post","status-publish","format-standard","has-post-thumbnail","hentry","category-efemerides","category-webdealta","tag-altagraciadeorituco","tag-guarico","tag-webdealta",""],"jetpack_publicize_connections":[],"jetpack_featured_media_url":"https:\/\/webdealta.info\/wp-content\/uploads\/2024\/06\/alcaldia-203-ano-carabobo-webdealta.png","jetpack_sharing_enabled":true,"jetpack_likes_enabled":true,"jetpack-related-posts":[],"jetpack_shortlink":"https:\/\/wp.me\/pcseDn-2hj","_links":{"self":[{"href":"https:\/\/webdealta.info\/index.php?rest_route=\/wp\/v2\/posts\/8761","targetHints":{"allow":["GET"]}}],"collection":[{"href":"https:\/\/webdealta.info\/index.php?rest_route=\/wp\/v2\/posts"}],"about":[{"href":"https:\/\/webdealta.info\/index.php?rest_route=\/wp\/v2\/types\/post"}],"author":[{"embeddable":true,"href":"https:\/\/webdealta.info\/index.php?rest_route=\/wp\/v2\/users\/2"}],"replies":[{"embeddable":true,"href":"https:\/\/webdealta.info\/index.php?rest_route=%2Fwp%2Fv2%2Fcomments&post=8761"}],"version-history":[{"count":1,"href":"https:\/\/webdealta.info\/index.php?rest_route=\/wp\/v2\/posts\/8761\/revisions"}],"predecessor-version":[{"id":8763,"href":"https:\/\/webdealta.info\/index.php?rest_route=\/wp\/v2\/posts\/8761\/revisions\/8763"}],"wp:featuredmedia":[{"embeddable":true,"href":"https:\/\/webdealta.info\/index.php?rest_route=\/wp\/v2\/media\/8762"}],"wp:attachment":[{"href":"https:\/\/webdealta.info\/index.php?rest_route=%2Fwp%2Fv2%2Fmedia&parent=8761"}],"wp:term":[{"taxonomy":"category","embeddable":true,"href":"https:\/\/webdealta.info\/index.php?rest_route=%2Fwp%2Fv2%2Fcategories&post=8761"},{"taxonomy":"post_tag","embeddable":true,"href":"https:\/\/webdealta.info\/index.php?rest_route=%2Fwp%2Fv2%2Ftags&post=8761"}],"curies":[{"name":"wp","href":"https:\/\/api.w.org\/{rel}","templated":true}]}}