{"id":8749,"date":"2024-06-23T10:57:36","date_gmt":"2024-06-23T14:57:36","guid":{"rendered":"https:\/\/webdealta.info\/?p=8749"},"modified":"2024-06-23T10:57:44","modified_gmt":"2024-06-23T14:57:44","slug":"rosangel-mora-electa-reina-de-las-ferias-morros-2024","status":"publish","type":"post","link":"https:\/\/webdealta.info\/?p=8749","title":{"rendered":"Rosangel Mora electa Reina de las Ferias Morros 2024"},"content":{"rendered":"\n<p>Con la presentaci\u00f3n de Felipe Pel\u00e1ez, Roberto Antonio y Dj Pana bajo la conducci\u00f3n de Henry Silva y Alejandra Conde, desde la Ciudad Ol\u00edmpica de San Juan de los Morros, estado Gu\u00e1rico, se llev\u00f3 a cabo la elecci\u00f3n de la Reina de Ferias Morros 2024 en su tercera edici\u00f3n, con el prop\u00f3sito de darle continuidad a las actividades festivas en honor a San Juan Bautista,\u00a0 patrono de la localidad.<\/p>\n\n\n\n<p>En este sentido, la apertura del evento estuvo a cargo de&nbsp; la presidenta del certamen de belleza de las Ferias Morros y primera dama del estado Gu\u00e1rico, Fabiola De C\u00f3rdova quien destacaba la belleza de la mujer guarique\u00f1a y las inspir\u00f3 a continuar con sus sue\u00f1os y metas, asimismo estuvieron presentes autoridades gubernamentales, como el gobernador de la entidad, Jos\u00e9 V\u00e1squez, el presidente de las ferias Sergio Rodr\u00edguez, entre otros.<\/p>\n\n\n\n<p>En el mismo contexto, Rosangel Mora, nueva&nbsp; reina de Ferias Morros 2024, refiri\u00f3 que se siente muy orgullosa de representar la belleza de la mujer guarique\u00f1a y venezolana, adem\u00e1s enfatiz\u00f3 que gracias a la organizaci\u00f3n permanente del comit\u00e9 de Ferias y su compromiso por alcanzar una meta, hoy se hab\u00eda logrado el objetivo, \u201cdesde ya mi compromiso es a\u00fan mayor para con el comit\u00e9&nbsp; de Ferias Morros, estoy muy feliz y agradecida\u201d.<\/p>\n\n\n\n<p>Por su parte, la nueva embajadora de la Cultura y el Turismo 2024, Valeria Karlet, celebr\u00f3 la gran ayuda que desde el d\u00eda uno obtuvo del comit\u00e9 organizador y sus colaboradores, recalcando que ella y sus compa\u00f1eras tuvieron una linda experiencia, \u201cfelicidad y satisfacci\u00f3n es lo primero que siento porque fueron meses de mucho trabajo y preparaci\u00f3n, pero todo ha valido&nbsp; la pena\u201d, precis\u00f3.<\/p>\n\n\n\n<p>Por otro lado, la reina del Coleo y el Deporte, Luz Camila Gota,&nbsp; declar\u00f3 que la noche final del certamen super\u00f3 sus expectativas y est\u00e1 segura que el comit\u00e9 seguir\u00e1 super\u00e1ndose d\u00eda a d\u00eda, igualmente manifest\u00f3 su contento por ser la nueva reina del Coleo y la Cultura, \u201cllevare esta responsabilidad con mucho compromiso y orgullo\u201d.<\/p>\n\n\n\n<p>Asimismo, se otorg\u00f3 la corona a&nbsp; la Reina de la Juventud,&nbsp; Brenda Hern\u00e1ndez; es preciso mencionar que la tercera finalista es Marianca Yanes quien tambi\u00e9n obtuvo la banda a mejor Opening; la segunda finalista Paola Francisco y de Primera finalista quedo Corianny Gassette, adem\u00e1s se hizo entrega de bandas especiales a Mis Amistad: Albany Quintero, Mis internet: Valeria Karlet; Mis Popularidad: Luz Camila Gota; Mejor Pasarela: Mar\u00eda L\u00f3pez; Mejor Cuerpo Brenda Hern\u00e1ndez;&nbsp; Mejor Sonrisa: Paola Francisco;&nbsp; Miss Integral:&nbsp; Marianca Yanes; Ojos m\u00e1s Lindos:&nbsp; Franyimar N\u00fa\u00f1ez;&nbsp; Miss Elegancia: D\u00e9nesis Su\u00e0rez; Mejor Rostro:&nbsp; Rosalgel Mora; Cabello Radiante: Virginia Delgado.<\/p>\n\n\n\n<p>Siendo as\u00ed a las ganadoras de las coronas se les otorgar\u00e1 en primer lugar un carro 0 kil\u00f3metros, en segundo y tercer lugar motos de agencias como premio por su esfuerzo y dedicaci\u00f3n en estos meses de arduo trabajo.<\/p>\n","protected":false},"excerpt":{"rendered":"<p>Con la presentaci\u00f3n de Felipe Pel\u00e1ez, Roberto Antonio y Dj Pana bajo la conducci\u00f3n de Henry Silva y Alejandra Conde, desde la Ciudad Ol\u00edmpica de San Juan de los Morros, estado Gu\u00e1rico, se llev\u00f3 a cabo la elecci\u00f3n de la Reina de Ferias Morros 2024 en su tercera edici\u00f3n, con<\/p>\n","protected":false},"author":2,"featured_media":8750,"comment_status":"open","ping_status":"open","sticky":false,"template":"","format":"standard","meta":{"advanced_seo_description":"","jetpack_seo_html_title":"","jetpack_seo_noindex":false,"_jetpack_memberships_contains_paid_content":false,"footnotes":"","jetpack_publicize_message":"","jetpack_publicize_feature_enabled":true,"jetpack_social_post_already_shared":true,"jetpack_social_options":{"image_generator_settings":{"template":"highway","enabled":false},"version":2}},"categories":[336,251],"tags":[8,7,32],"class_list":["post-8749","post","type-post","status-publish","format-standard","has-post-thumbnail","hentry","category-eventos","category-webdealta","tag-altagraciadeorituco","tag-guarico","tag-webdealta",""],"jetpack_publicize_connections":[],"jetpack_featured_media_url":"https:\/\/webdealta.info\/wp-content\/uploads\/2024\/06\/reina-san-juan-2024-webdealta.png","jetpack_sharing_enabled":true,"jetpack_likes_enabled":true,"jetpack-related-posts":[],"jetpack_shortlink":"https:\/\/wp.me\/pcseDn-2h7","_links":{"self":[{"href":"https:\/\/webdealta.info\/index.php?rest_route=\/wp\/v2\/posts\/8749","targetHints":{"allow":["GET"]}}],"collection":[{"href":"https:\/\/webdealta.info\/index.php?rest_route=\/wp\/v2\/posts"}],"about":[{"href":"https:\/\/webdealta.info\/index.php?rest_route=\/wp\/v2\/types\/post"}],"author":[{"embeddable":true,"href":"https:\/\/webdealta.info\/index.php?rest_route=\/wp\/v2\/users\/2"}],"replies":[{"embeddable":true,"href":"https:\/\/webdealta.info\/index.php?rest_route=%2Fwp%2Fv2%2Fcomments&post=8749"}],"version-history":[{"count":1,"href":"https:\/\/webdealta.info\/index.php?rest_route=\/wp\/v2\/posts\/8749\/revisions"}],"predecessor-version":[{"id":8751,"href":"https:\/\/webdealta.info\/index.php?rest_route=\/wp\/v2\/posts\/8749\/revisions\/8751"}],"wp:featuredmedia":[{"embeddable":true,"href":"https:\/\/webdealta.info\/index.php?rest_route=\/wp\/v2\/media\/8750"}],"wp:attachment":[{"href":"https:\/\/webdealta.info\/index.php?rest_route=%2Fwp%2Fv2%2Fmedia&parent=8749"}],"wp:term":[{"taxonomy":"category","embeddable":true,"href":"https:\/\/webdealta.info\/index.php?rest_route=%2Fwp%2Fv2%2Fcategories&post=8749"},{"taxonomy":"post_tag","embeddable":true,"href":"https:\/\/webdealta.info\/index.php?rest_route=%2Fwp%2Fv2%2Ftags&post=8749"}],"curies":[{"name":"wp","href":"https:\/\/api.w.org\/{rel}","templated":true}]}}