{"id":8743,"date":"2024-06-18T21:04:54","date_gmt":"2024-06-19T01:04:54","guid":{"rendered":"https:\/\/webdealta.info\/?p=8743"},"modified":"2024-06-18T22:38:59","modified_gmt":"2024-06-19T02:38:59","slug":"19-de-junio-dia-de-actividad-politica-en-el-orituco","status":"publish","type":"post","link":"https:\/\/webdealta.info\/?p=8743","title":{"rendered":"19 de junio: d\u00eda de actividad pol\u00edtica en el Orituco"},"content":{"rendered":"\n<p>Amanda Saldivia.-<\/p>\n\n\n\n<p>Este 19 de junio habr\u00e1 actividades pol\u00edticas relacionadas a la elecci\u00f3n presidencial pautada para el 28 de julio. A las 10:00 am est\u00e1 previsto que llegue Mar\u00eda Corina Machado, quien promociona la aspiraci\u00f3n de Edmundo Gonz\u00e1lez Urrutia (MUD, UNT); mientras a las 3:00 pm, el PSUV convoc\u00f3 a una concentraci\u00f3n y posterior recorrido por las calles de esta localidad, en apoyo a la relecci\u00f3n del presidente Nicol\u00e1s Maduro.<\/p>\n\n\n\n<p>Todo esto ocurre a seis semanas de ese proceso comicial. La informaci\u00f3n que se maneja por parte del comando de Edmundo Gonz\u00e1lez y la Plataforma Unitaria es que la dirigente nacional de Vente Venezuela, Mar\u00eda Corina Machado, llegar\u00e1 a Altagracia por la troncal 11, espec\u00edficamente a San Rafael de Orituco, para recorrer varios sectores y culminar con un acto en la calle Hurtado Ascanio de Altagracia.<\/p>\n\n\n\n<p>No obstante, la agenda no est\u00e1 del todo definida, es decir pudiera haber cambios, los cuales ser\u00e1n notificados este mismo mi\u00e9rcoles. Lo que si lleg\u00f3 fue la avanzada de pol\u00edticos y promotores del cambio, entre ellos la doctora Aura Loreto, ex procuradora agraria nacional, quien estuvo en un acto con mujeres celebrado en la tarde de este martes 18 de junio.<\/p>\n\n\n\n<p>Por su parte, en las filas del Partido Socialista Unido de Venezuela la expectativa est\u00e1 en qu\u00e9 dirigente estar\u00e1 en la marcha convocada por el alcalde Pedro Sol\u00f3rzano, en apoyo al presidente Nicol\u00e1s Maduro, porque a la hora de publicar esta nota de prensa, no est\u00e1 confirmada la presencia de alg\u00fan vocero nacional de esa organizaci\u00f3n pol\u00edtica.<\/p>\n\n\n\n<p>La concentraci\u00f3n ser\u00e1 en la Esquina Caliente de Altagracia de Orituco.  <\/p>\n\n\n\n<p>@amandasaldivia <\/p>\n\n\n\n<p><\/p>\n","protected":false},"excerpt":{"rendered":"<p>Amanda Saldivia.- Este 19 de junio habr\u00e1 actividades pol\u00edticas relacionadas a la elecci\u00f3n presidencial pautada para el 28 de julio. A las 10:00 am est\u00e1 previsto que llegue Mar\u00eda Corina Machado, quien promociona la aspiraci\u00f3n de Edmundo Gonz\u00e1lez Urrutia (MUD, UNT); mientras a las 3:00 pm, el PSUV convoc\u00f3 a<\/p>\n","protected":false},"author":2,"featured_media":8744,"comment_status":"open","ping_status":"open","sticky":false,"template":"","format":"standard","meta":{"advanced_seo_description":"","jetpack_seo_html_title":"","jetpack_seo_noindex":false,"_jetpack_memberships_contains_paid_content":false,"footnotes":"","jetpack_publicize_message":"","jetpack_publicize_feature_enabled":true,"jetpack_social_post_already_shared":true,"jetpack_social_options":{"image_generator_settings":{"template":"highway","enabled":false},"version":2}},"categories":[142,251],"tags":[8,7,32],"class_list":["post-8743","post","type-post","status-publish","format-standard","has-post-thumbnail","hentry","category-politica","category-webdealta","tag-altagraciadeorituco","tag-guarico","tag-webdealta",""],"jetpack_publicize_connections":[],"jetpack_featured_media_url":"https:\/\/webdealta.info\/wp-content\/uploads\/2024\/06\/marcha-maria-corina-webdealta.png","jetpack_sharing_enabled":true,"jetpack_likes_enabled":true,"jetpack-related-posts":[],"jetpack_shortlink":"https:\/\/wp.me\/pcseDn-2h1","_links":{"self":[{"href":"https:\/\/webdealta.info\/index.php?rest_route=\/wp\/v2\/posts\/8743","targetHints":{"allow":["GET"]}}],"collection":[{"href":"https:\/\/webdealta.info\/index.php?rest_route=\/wp\/v2\/posts"}],"about":[{"href":"https:\/\/webdealta.info\/index.php?rest_route=\/wp\/v2\/types\/post"}],"author":[{"embeddable":true,"href":"https:\/\/webdealta.info\/index.php?rest_route=\/wp\/v2\/users\/2"}],"replies":[{"embeddable":true,"href":"https:\/\/webdealta.info\/index.php?rest_route=%2Fwp%2Fv2%2Fcomments&post=8743"}],"version-history":[{"count":2,"href":"https:\/\/webdealta.info\/index.php?rest_route=\/wp\/v2\/posts\/8743\/revisions"}],"predecessor-version":[{"id":8746,"href":"https:\/\/webdealta.info\/index.php?rest_route=\/wp\/v2\/posts\/8743\/revisions\/8746"}],"wp:featuredmedia":[{"embeddable":true,"href":"https:\/\/webdealta.info\/index.php?rest_route=\/wp\/v2\/media\/8744"}],"wp:attachment":[{"href":"https:\/\/webdealta.info\/index.php?rest_route=%2Fwp%2Fv2%2Fmedia&parent=8743"}],"wp:term":[{"taxonomy":"category","embeddable":true,"href":"https:\/\/webdealta.info\/index.php?rest_route=%2Fwp%2Fv2%2Fcategories&post=8743"},{"taxonomy":"post_tag","embeddable":true,"href":"https:\/\/webdealta.info\/index.php?rest_route=%2Fwp%2Fv2%2Ftags&post=8743"}],"curies":[{"name":"wp","href":"https:\/\/api.w.org\/{rel}","templated":true}]}}