{"id":8733,"date":"2024-06-16T20:51:29","date_gmt":"2024-06-17T00:51:29","guid":{"rendered":"https:\/\/webdealta.info\/?p=8733"},"modified":"2024-06-16T20:51:30","modified_gmt":"2024-06-17T00:51:30","slug":"grito-de-ferias-dio-inicio-a-las-celebraciones-en-honor-a-san-juan-bautista","status":"publish","type":"post","link":"https:\/\/webdealta.info\/?p=8733","title":{"rendered":"Grito de ferias dio inicio a las celebraciones en honor a San Juan Bautista"},"content":{"rendered":"\n<p>Sibci Gu\u00e1rico.- Desde Aguas Termales Hotel &amp; Spa, ubicado en la capital del estado Gu\u00e1rico, arranc\u00f3 la Gran Caravana \u00abGrito de Ferias Morros 2024\u00bb que marca el inicio de las actividades festivas en honor al Santo Patrono San Juan Bautista.<\/p>\n\n\n\n<p>Las principales calles y avenidas se llenaron de vistosos colores, entusiasmo y buena m\u00fasica adem\u00e1s de belleza y carisma de las candidatas al Mini Reinado y candidatas al Reinado de Ferias&nbsp; quienes encabezaron la actividad junto a la Primera Dama del estado y Presidenta del Certamen Dra. Fabiola De C\u00f3rdova&nbsp; y Reinas salientes.<\/p>\n\n\n\n<p>Asimismo, es importante resaltar la gran euforia del pueblo sanjuanero que sali\u00f3 a las calles para observar y ser part\u00edcipes de la caravana de la alegr\u00eda que tuvo su cierre en la Villa Ol\u00edmpica.<\/p>\n\n\n\n<p>En este sentido, Eliana Gonz\u00e1lez, invit\u00f3 a la poblaci\u00f3n sanjuanera al disfrute de estas ferias que contar\u00e1n con invitados de talla internacional, adem\u00e1s coment\u00f3 que la organizaci\u00f3n ha puesto un empe\u00f1o muy grande para que tanto las candidatas como el p\u00fablico guarique\u00f1o tengan unas extraordinarias fiestas.<\/p>\n\n\n\n<p>Por otro lado, Gisela Rodr\u00edguez, enfatiz\u00f3&nbsp; el orgullo que siente al ser sanjuanera y contar con unos l\u00edderes que impulsan el turismo, la belleza y la econom\u00eda del estado mediante este tipo de actividades culturales y religiosas.<\/p>\n\n\n\n<p>Cabe destacar que estas actividades forman\u00a0 parte\u00a0 del progreso cultural, econ\u00f3mico y social que estas festividades, impulsadas por el gobernador de la entidad Jos\u00e9 V\u00e1squez, junto al presidente de las Ferias Morros 2024, Sergio Rodr\u00edguez,\u00a0 traen al estado Gu\u00e1rico gracias al presidente de la Rep\u00fablica Bolivariana de Venezuela, Nicol\u00e1s Maduro. <\/p>\n\n\n\n<p><\/p>\n","protected":false},"excerpt":{"rendered":"<p>Sibci Gu\u00e1rico.- Desde Aguas Termales Hotel &amp; Spa, ubicado en la capital del estado Gu\u00e1rico, arranc\u00f3 la Gran Caravana \u00abGrito de Ferias Morros 2024\u00bb que marca el inicio de las actividades festivas en honor al Santo Patrono San Juan Bautista. Las principales calles y avenidas se llenaron de vistosos colores,<\/p>\n","protected":false},"author":2,"featured_media":8735,"comment_status":"open","ping_status":"open","sticky":false,"template":"","format":"standard","meta":{"advanced_seo_description":"","jetpack_seo_html_title":"","jetpack_seo_noindex":false,"_jetpack_memberships_contains_paid_content":false,"footnotes":"","jetpack_publicize_message":"","jetpack_publicize_feature_enabled":true,"jetpack_social_post_already_shared":true,"jetpack_social_options":{"image_generator_settings":{"template":"highway","enabled":false},"version":2}},"categories":[284,251],"tags":[8,7,32],"class_list":["post-8733","post","type-post","status-publish","format-standard","has-post-thumbnail","hentry","category-gobierno-de-guarico","category-webdealta","tag-altagraciadeorituco","tag-guarico","tag-webdealta",""],"jetpack_publicize_connections":[],"jetpack_featured_media_url":"https:\/\/webdealta.info\/wp-content\/uploads\/2024\/06\/ferias-morros-webdealta-10-1.png","jetpack_sharing_enabled":true,"jetpack_likes_enabled":true,"jetpack-related-posts":[],"jetpack_shortlink":"https:\/\/wp.me\/pcseDn-2gR","_links":{"self":[{"href":"https:\/\/webdealta.info\/index.php?rest_route=\/wp\/v2\/posts\/8733","targetHints":{"allow":["GET"]}}],"collection":[{"href":"https:\/\/webdealta.info\/index.php?rest_route=\/wp\/v2\/posts"}],"about":[{"href":"https:\/\/webdealta.info\/index.php?rest_route=\/wp\/v2\/types\/post"}],"author":[{"embeddable":true,"href":"https:\/\/webdealta.info\/index.php?rest_route=\/wp\/v2\/users\/2"}],"replies":[{"embeddable":true,"href":"https:\/\/webdealta.info\/index.php?rest_route=%2Fwp%2Fv2%2Fcomments&post=8733"}],"version-history":[{"count":1,"href":"https:\/\/webdealta.info\/index.php?rest_route=\/wp\/v2\/posts\/8733\/revisions"}],"predecessor-version":[{"id":8736,"href":"https:\/\/webdealta.info\/index.php?rest_route=\/wp\/v2\/posts\/8733\/revisions\/8736"}],"wp:featuredmedia":[{"embeddable":true,"href":"https:\/\/webdealta.info\/index.php?rest_route=\/wp\/v2\/media\/8735"}],"wp:attachment":[{"href":"https:\/\/webdealta.info\/index.php?rest_route=%2Fwp%2Fv2%2Fmedia&parent=8733"}],"wp:term":[{"taxonomy":"category","embeddable":true,"href":"https:\/\/webdealta.info\/index.php?rest_route=%2Fwp%2Fv2%2Fcategories&post=8733"},{"taxonomy":"post_tag","embeddable":true,"href":"https:\/\/webdealta.info\/index.php?rest_route=%2Fwp%2Fv2%2Ftags&post=8733"}],"curies":[{"name":"wp","href":"https:\/\/api.w.org\/{rel}","templated":true}]}}