{"id":8719,"date":"2024-06-10T20:44:00","date_gmt":"2024-06-11T00:44:00","guid":{"rendered":"https:\/\/webdealta.info\/?p=8719"},"modified":"2024-06-10T20:44:01","modified_gmt":"2024-06-11T00:44:01","slug":"instalado-estado-mayor-de-riesgo-en-guarico","status":"publish","type":"post","link":"https:\/\/webdealta.info\/?p=8719","title":{"rendered":"Instalado Estado Mayor de Riesgo en Gu\u00e1rico"},"content":{"rendered":"\n<p>Sibci Gu\u00e1rico.- En el estado Gu\u00e1rico fue instalado el Estado Mayor de Riesgo, ante la llegada de las lluvias correspondientes al a\u00f1o 2024, con el prop\u00f3sito de iniciar la evaluaci\u00f3n y diagn\u00f3stico, as\u00ed como ubicaci\u00f3n y sectorizaci\u00f3n por municipio de las comunidades vulnerables y determinar los niveles de peligro que presenten.<\/p>\n\n\n\n<p>La instalaci\u00f3n se llev\u00f3 a cabo en la Regi\u00f3n Estrat\u00e9gica de Defensa Integral Los Llanos (Redil), por el gobernador Jos\u00e9 V\u00e1squez, junto al M\/G Len\u00edn Lorenzo Ram\u00edrez Villasmil comandante de la Redil Los Llanos, el comandante de la ZODI N\u00b035 Gu\u00e1rico G\/D Luis Adolfo Rosales Molina, autoridades militares, policiales, alcaldes bolivarianos y comisionados territoriales.<\/p>\n\n\n\n<p>El gobernante regional detall\u00f3 que se conform\u00f3 el comit\u00e9 de riesgo integrado por la Fuerza Armada Nacional Bolivariana, alcaldes bolivarianos y comisionados territoriales para atender cualquier contingencia que se pueda generar ante la llegada de las lluvias.<\/p>\n\n\n\n<p>Asimismo, destac\u00f3 que van a llegar hasta cada lugar para atender todos los casos, inclusive, haciendo tambi\u00e9n inspecciones en viviendas vulnerables donde las lluvias puedan generar da\u00f1os o p\u00e9rdidas. \u201cHemos dise\u00f1ado este plan junto los organismos e instituciones para garantizar la atenci\u00f3n integral de todas y todos\u201d, afirm\u00f3 V\u00e1squez. <br><br>A su vez, se\u00f1al\u00f3 que tambi\u00e9n vigilan los niveles de los embalses de la entidad, en caso de presentarse desbordamiento con las fuertes lluvias. Por su parte, el M\/G Len\u00edn Lorenzo Ram\u00edrez Villasmil, comandante de la Redil Los Llanos, explic\u00f3 que van a trabajar en articulaci\u00f3n con el comit\u00e9 confirmado, a fin de prevenir la mayor cantidad de afectaciones en las familias guarique\u00f1as.<br><\/p>\n","protected":false},"excerpt":{"rendered":"<p>Sibci Gu\u00e1rico.- En el estado Gu\u00e1rico fue instalado el Estado Mayor de Riesgo, ante la llegada de las lluvias correspondientes al a\u00f1o 2024, con el prop\u00f3sito de iniciar la evaluaci\u00f3n y diagn\u00f3stico, as\u00ed como ubicaci\u00f3n y sectorizaci\u00f3n por municipio de las comunidades vulnerables y determinar los niveles de peligro que<\/p>\n","protected":false},"author":2,"featured_media":8720,"comment_status":"open","ping_status":"open","sticky":false,"template":"","format":"standard","meta":{"advanced_seo_description":"","jetpack_seo_html_title":"","jetpack_seo_noindex":false,"_jetpack_memberships_contains_paid_content":false,"footnotes":"","jetpack_publicize_message":"","jetpack_publicize_feature_enabled":true,"jetpack_social_post_already_shared":true,"jetpack_social_options":{"image_generator_settings":{"template":"highway","enabled":false},"version":2}},"categories":[284,251],"tags":[8,7,32],"class_list":["post-8719","post","type-post","status-publish","format-standard","has-post-thumbnail","hentry","category-gobierno-de-guarico","category-webdealta","tag-altagraciadeorituco","tag-guarico","tag-webdealta",""],"jetpack_publicize_connections":[],"jetpack_featured_media_url":"https:\/\/webdealta.info\/wp-content\/uploads\/2024\/06\/lluvioas-webdealta-3.png","jetpack_sharing_enabled":true,"jetpack_likes_enabled":true,"jetpack-related-posts":[],"jetpack_shortlink":"https:\/\/wp.me\/pcseDn-2gD","_links":{"self":[{"href":"https:\/\/webdealta.info\/index.php?rest_route=\/wp\/v2\/posts\/8719","targetHints":{"allow":["GET"]}}],"collection":[{"href":"https:\/\/webdealta.info\/index.php?rest_route=\/wp\/v2\/posts"}],"about":[{"href":"https:\/\/webdealta.info\/index.php?rest_route=\/wp\/v2\/types\/post"}],"author":[{"embeddable":true,"href":"https:\/\/webdealta.info\/index.php?rest_route=\/wp\/v2\/users\/2"}],"replies":[{"embeddable":true,"href":"https:\/\/webdealta.info\/index.php?rest_route=%2Fwp%2Fv2%2Fcomments&post=8719"}],"version-history":[{"count":1,"href":"https:\/\/webdealta.info\/index.php?rest_route=\/wp\/v2\/posts\/8719\/revisions"}],"predecessor-version":[{"id":8721,"href":"https:\/\/webdealta.info\/index.php?rest_route=\/wp\/v2\/posts\/8719\/revisions\/8721"}],"wp:featuredmedia":[{"embeddable":true,"href":"https:\/\/webdealta.info\/index.php?rest_route=\/wp\/v2\/media\/8720"}],"wp:attachment":[{"href":"https:\/\/webdealta.info\/index.php?rest_route=%2Fwp%2Fv2%2Fmedia&parent=8719"}],"wp:term":[{"taxonomy":"category","embeddable":true,"href":"https:\/\/webdealta.info\/index.php?rest_route=%2Fwp%2Fv2%2Fcategories&post=8719"},{"taxonomy":"post_tag","embeddable":true,"href":"https:\/\/webdealta.info\/index.php?rest_route=%2Fwp%2Fv2%2Ftags&post=8719"}],"curies":[{"name":"wp","href":"https:\/\/api.w.org\/{rel}","templated":true}]}}