{"id":8706,"date":"2024-06-10T05:52:18","date_gmt":"2024-06-10T09:52:18","guid":{"rendered":"https:\/\/webdealta.info\/?p=8706"},"modified":"2024-06-10T05:52:23","modified_gmt":"2024-06-10T09:52:23","slug":"en-octubre-habra-retiro-de-emaus-en-altagracia","status":"publish","type":"post","link":"https:\/\/webdealta.info\/?p=8706","title":{"rendered":"En octubre habr\u00e1 retiro de Ema\u00fas en Altagracia"},"content":{"rendered":"\n<p>Amanda Saldivia.-<\/p>\n\n\n\n<p>Ser\u00e1 en octubre el retiro de Ema\u00fas en Altagracia de Orituco, de acuerdo a lo anunciado por el padre Luis M\u00e1rquez en la misa de avivamiento que se celebr\u00f3, este domingo nueve de junio, en el templo San Jos\u00e9 Obrero.<\/p>\n\n\n\n<p>En la eucarist\u00eda destac\u00f3 la presencia de miembros de la Hermandad Ema\u00fas de Barcelona, Puerto La Cruz, Lecher\u00eda, Cuman\u00e1, Taguay y Altagracia, estos \u00faltimos los anfitriones por parte del Arciprestazgo Beata Madre Candelaria de San Jos\u00e9.<\/p>\n\n\n\n<p>Igualmente, trascendi\u00f3 que el retiro de Ema\u00fas tendr\u00e1 dos jornadas en ese mes de octubre. Para hombres los d\u00edas 11, 12 y 13, el cual ser\u00e1 coordinado por Juan Pablo Mendoza; mientras que para las mujeres 18, 19 y 20, bajo la responsabilidad de Sonia Medina.<\/p>\n\n\n\n<p>@amandasaldivia<\/p>\n\n\n\n<p><\/p>\n","protected":false},"excerpt":{"rendered":"<p>Amanda Saldivia.- Ser\u00e1 en octubre el retiro de Ema\u00fas en Altagracia de Orituco, de acuerdo a lo anunciado por el padre Luis M\u00e1rquez en la misa de avivamiento que se celebr\u00f3, este domingo nueve de junio, en el templo San Jos\u00e9 Obrero. En la eucarist\u00eda destac\u00f3 la presencia de miembros<\/p>\n","protected":false},"author":2,"featured_media":8708,"comment_status":"open","ping_status":"open","sticky":false,"template":"","format":"standard","meta":{"advanced_seo_description":"","jetpack_seo_html_title":"","jetpack_seo_noindex":false,"_jetpack_memberships_contains_paid_content":false,"footnotes":"","jetpack_publicize_message":"","jetpack_publicize_feature_enabled":true,"jetpack_social_post_already_shared":true,"jetpack_social_options":{"image_generator_settings":{"template":"highway","enabled":false},"version":2}},"categories":[42,251],"tags":[8,7,32],"class_list":["post-8706","post","type-post","status-publish","format-standard","has-post-thumbnail","hentry","category-iglesia-catolica","category-webdealta","tag-altagraciadeorituco","tag-guarico","tag-webdealta",""],"jetpack_publicize_connections":[],"jetpack_featured_media_url":"https:\/\/webdealta.info\/wp-content\/uploads\/2024\/06\/retiro-de-emaus-webdealta.png","jetpack_sharing_enabled":true,"jetpack_likes_enabled":true,"jetpack-related-posts":[],"jetpack_shortlink":"https:\/\/wp.me\/pcseDn-2gq","_links":{"self":[{"href":"https:\/\/webdealta.info\/index.php?rest_route=\/wp\/v2\/posts\/8706","targetHints":{"allow":["GET"]}}],"collection":[{"href":"https:\/\/webdealta.info\/index.php?rest_route=\/wp\/v2\/posts"}],"about":[{"href":"https:\/\/webdealta.info\/index.php?rest_route=\/wp\/v2\/types\/post"}],"author":[{"embeddable":true,"href":"https:\/\/webdealta.info\/index.php?rest_route=\/wp\/v2\/users\/2"}],"replies":[{"embeddable":true,"href":"https:\/\/webdealta.info\/index.php?rest_route=%2Fwp%2Fv2%2Fcomments&post=8706"}],"version-history":[{"count":1,"href":"https:\/\/webdealta.info\/index.php?rest_route=\/wp\/v2\/posts\/8706\/revisions"}],"predecessor-version":[{"id":8709,"href":"https:\/\/webdealta.info\/index.php?rest_route=\/wp\/v2\/posts\/8706\/revisions\/8709"}],"wp:featuredmedia":[{"embeddable":true,"href":"https:\/\/webdealta.info\/index.php?rest_route=\/wp\/v2\/media\/8708"}],"wp:attachment":[{"href":"https:\/\/webdealta.info\/index.php?rest_route=%2Fwp%2Fv2%2Fmedia&parent=8706"}],"wp:term":[{"taxonomy":"category","embeddable":true,"href":"https:\/\/webdealta.info\/index.php?rest_route=%2Fwp%2Fv2%2Fcategories&post=8706"},{"taxonomy":"post_tag","embeddable":true,"href":"https:\/\/webdealta.info\/index.php?rest_route=%2Fwp%2Fv2%2Ftags&post=8706"}],"curies":[{"name":"wp","href":"https:\/\/api.w.org\/{rel}","templated":true}]}}