{"id":8700,"date":"2024-06-05T21:00:34","date_gmt":"2024-06-06T01:00:34","guid":{"rendered":"https:\/\/webdealta.info\/?p=8700"},"modified":"2024-06-05T21:04:11","modified_gmt":"2024-06-06T01:04:11","slug":"sistema-de-gestion-de-riego-desplegado-ante-sismo-en-merida","status":"publish","type":"post","link":"https:\/\/webdealta.info\/?p=8700","title":{"rendered":"Sistema de Gesti\u00f3n de Riego desplegado ante sismo en M\u00e9rida"},"content":{"rendered":"\n<p>Luego de registrarse un sismo de magnitud 4,2 al noreste del estado M\u00e9rida, en horas de la noche del lunes, el Sistema de Gesti\u00f3n de Riesgo (SNGR), mantiene un despliegue preventivo en esa entidad.<\/p>\n\n\n\n<p>El viceministro para la Gesti\u00f3n de Riesgos y Protecci\u00f3n Civil M\/G Carlos P\u00e9rez Ampueda, inform\u00f3 a trav\u00e9s de su cuenta oficial en la red social X, que funcionarios del SNGR, se encuentran desplegados para la realizaci\u00f3n, evaluaci\u00f3n de da\u00f1os y an\u00e1lisis de necesidades en viviendas y estructuras.\u00a0<\/p>\n\n\n\n<p>\u00abEl sismo sentido fue de moderada intensidad percibido en ocho municipios: Libertador, Campo Elias, Santos Marquina, Caracciolo Parra y Olmedo, Rangel, Cardenal Quintero, Miranda y Pueblo Nuevo\u00bb, detall\u00f3.<\/p>\n\n\n\n<p>El tambi\u00e9n Director Nacional de Protecci\u00f3n Civil, indic\u00f3 que se presentaron afectaciones estructurales en una vivienda ubicada en el municipio Libertador, la cual present\u00f3 grietas de consideraci\u00f3n en sus paredes.<\/p>\n\n\n\n<p>Asimismo, P\u00e9rez Ampueda record\u00f3 en uno de sus mensajes que \u00abVenezuela es un pa\u00eds s\u00edsmico, y debemos reconocer la capacidad de afectar a personas y edificaciones de estos eventos\u00bb.<\/p>\n\n\n\n<p>Prensa Protecci\u00f3n Civil <\/p>\n\n\n\n<p><\/p>\n","protected":false},"excerpt":{"rendered":"<p>Luego de registrarse un sismo de magnitud 4,2 al noreste del estado M\u00e9rida, en horas de la noche del lunes, el Sistema de Gesti\u00f3n de Riesgo (SNGR), mantiene un despliegue preventivo en esa entidad. El viceministro para la Gesti\u00f3n de Riesgos y Protecci\u00f3n Civil M\/G Carlos P\u00e9rez Ampueda, inform\u00f3 a<\/p>\n","protected":false},"author":2,"featured_media":8701,"comment_status":"open","ping_status":"open","sticky":false,"template":"","format":"standard","meta":{"advanced_seo_description":"","jetpack_seo_html_title":"","jetpack_seo_noindex":false,"_jetpack_memberships_contains_paid_content":false,"footnotes":"","jetpack_publicize_message":"","jetpack_publicize_feature_enabled":true,"jetpack_social_post_already_shared":true,"jetpack_social_options":{"image_generator_settings":{"template":"highway","enabled":false},"version":2}},"categories":[135,251],"tags":[8,7,32],"class_list":["post-8700","post","type-post","status-publish","format-standard","has-post-thumbnail","hentry","category-prevencion","category-webdealta","tag-altagraciadeorituco","tag-guarico","tag-webdealta",""],"jetpack_publicize_connections":[],"jetpack_featured_media_url":"https:\/\/webdealta.info\/wp-content\/uploads\/2024\/06\/sisma-merida-webdealta.png","jetpack_sharing_enabled":true,"jetpack_likes_enabled":true,"jetpack-related-posts":[],"jetpack_shortlink":"https:\/\/wp.me\/pcseDn-2gk","_links":{"self":[{"href":"https:\/\/webdealta.info\/index.php?rest_route=\/wp\/v2\/posts\/8700","targetHints":{"allow":["GET"]}}],"collection":[{"href":"https:\/\/webdealta.info\/index.php?rest_route=\/wp\/v2\/posts"}],"about":[{"href":"https:\/\/webdealta.info\/index.php?rest_route=\/wp\/v2\/types\/post"}],"author":[{"embeddable":true,"href":"https:\/\/webdealta.info\/index.php?rest_route=\/wp\/v2\/users\/2"}],"replies":[{"embeddable":true,"href":"https:\/\/webdealta.info\/index.php?rest_route=%2Fwp%2Fv2%2Fcomments&post=8700"}],"version-history":[{"count":1,"href":"https:\/\/webdealta.info\/index.php?rest_route=\/wp\/v2\/posts\/8700\/revisions"}],"predecessor-version":[{"id":8702,"href":"https:\/\/webdealta.info\/index.php?rest_route=\/wp\/v2\/posts\/8700\/revisions\/8702"}],"wp:featuredmedia":[{"embeddable":true,"href":"https:\/\/webdealta.info\/index.php?rest_route=\/wp\/v2\/media\/8701"}],"wp:attachment":[{"href":"https:\/\/webdealta.info\/index.php?rest_route=%2Fwp%2Fv2%2Fmedia&parent=8700"}],"wp:term":[{"taxonomy":"category","embeddable":true,"href":"https:\/\/webdealta.info\/index.php?rest_route=%2Fwp%2Fv2%2Fcategories&post=8700"},{"taxonomy":"post_tag","embeddable":true,"href":"https:\/\/webdealta.info\/index.php?rest_route=%2Fwp%2Fv2%2Ftags&post=8700"}],"curies":[{"name":"wp","href":"https:\/\/api.w.org\/{rel}","templated":true}]}}