{"id":8694,"date":"2024-06-05T20:45:39","date_gmt":"2024-06-06T00:45:39","guid":{"rendered":"https:\/\/webdealta.info\/?p=8694"},"modified":"2024-06-05T20:46:17","modified_gmt":"2024-06-06T00:46:17","slug":"celebraron-dia-mundial-del-corredor-en-altagracia-de-orituco","status":"publish","type":"post","link":"https:\/\/webdealta.info\/?p=8694","title":{"rendered":"Celebraron D\u00eda Mundial del Corredor en Altagracia de Orituco"},"content":{"rendered":"\n<p>Amanda Saldivia.-<\/p>\n\n\n\n<p>Con una carrera 3K y bailoterapia, el club Gracitanos Runners celebr\u00f3 el D\u00eda Mundial del Corredor en Altagracia de Orituco, evento conocido en el \u00e1mbito internacional como el Global Running Day, el cual surgi\u00f3 en Estado Unidos en el a\u00f1o 2009, para posteriormente convertirse en la fecha para resaltar este tipo de actividad f\u00edsica.<\/p>\n\n\n\n<figure class=\"wp-block-image size-large\"><img loading=\"lazy\" decoding=\"async\" width=\"1024\" height=\"546\" src=\"https:\/\/webdealta.info\/wp-content\/uploads\/2024\/06\/dia-de-runners-webdealta-2-1024x546.png\" alt=\"\" class=\"wp-image-8696\" srcset=\"https:\/\/webdealta.info\/wp-content\/uploads\/2024\/06\/dia-de-runners-webdealta-2.png 1024w, https:\/\/webdealta.info\/wp-content\/uploads\/2024\/06\/dia-de-runners-webdealta-2.png 300w, https:\/\/webdealta.info\/wp-content\/uploads\/2024\/06\/dia-de-runners-webdealta-2.png 768w, https:\/\/webdealta.info\/wp-content\/uploads\/2024\/06\/dia-de-runners-webdealta-2.png 1170w, https:\/\/webdealta.info\/wp-content\/uploads\/2024\/06\/dia-de-runners-webdealta-2.png 1500w, https:\/\/webdealta.info\/wp-content\/uploads\/2024\/06\/dia-de-runners-webdealta-2.png 1280w\" sizes=\"auto, (max-width: 640px) 100vw, 640px\" \/><\/figure>\n\n\n\n<p>La finalidad es animar a que m\u00e1s personas se pongan en movimiento y dejen a un lado el sedentarismo, al tiempo que comparten con otros deportistas. Esa fue parte de la explicaci\u00f3n que dio Oswaldo Camero, directivo del club; y Diana Landaeta, una de las promotoras de la actividad.<\/p>\n\n\n\n<figure class=\"wp-block-image size-large\"><img loading=\"lazy\" decoding=\"async\" width=\"1024\" height=\"546\" src=\"https:\/\/webdealta.info\/wp-content\/uploads\/2024\/06\/dia-de-runners-webdealta-3-1024x546.png\" alt=\"\" class=\"wp-image-8697\" srcset=\"https:\/\/webdealta.info\/wp-content\/uploads\/2024\/06\/dia-de-runners-webdealta-3.png 1024w, https:\/\/webdealta.info\/wp-content\/uploads\/2024\/06\/dia-de-runners-webdealta-3.png 300w, https:\/\/webdealta.info\/wp-content\/uploads\/2024\/06\/dia-de-runners-webdealta-3.png 768w, https:\/\/webdealta.info\/wp-content\/uploads\/2024\/06\/dia-de-runners-webdealta-3.png 1170w, https:\/\/webdealta.info\/wp-content\/uploads\/2024\/06\/dia-de-runners-webdealta-3.png 1500w, https:\/\/webdealta.info\/wp-content\/uploads\/2024\/06\/dia-de-runners-webdealta-3.png 1280w\" sizes=\"auto, (max-width: 640px) 100vw, 640px\" \/><\/figure>\n\n\n\n<p>El D\u00eda Mundial del Corredor se celebra el primer mi\u00e9rcoles de junio. Por esa raz\u00f3n, en la tarde de hoy, los integrantes del club Gracitanos Runners efectuaron un recorrido de 3 kil\u00f3metros por el casco central de Altagracia, para luego cerrar con una bailorerapia, a cargo del profesor Luis Miguel Padr\u00f3n.<\/p>\n\n\n\n<p>@amandasaldivia  <\/p>\n\n\n\n<p><\/p>\n","protected":false},"excerpt":{"rendered":"<p>Amanda Saldivia.- Con una carrera 3K y bailoterapia, el club Gracitanos Runners celebr\u00f3 el D\u00eda Mundial del Corredor en Altagracia de Orituco, evento conocido en el \u00e1mbito internacional como el Global Running Day, el cual surgi\u00f3 en Estado Unidos en el a\u00f1o 2009, para posteriormente convertirse en la fecha para<\/p>\n","protected":false},"author":2,"featured_media":8695,"comment_status":"open","ping_status":"open","sticky":false,"template":"","format":"standard","meta":{"advanced_seo_description":"","jetpack_seo_html_title":"","jetpack_seo_noindex":false,"_jetpack_memberships_contains_paid_content":false,"footnotes":"","jetpack_publicize_message":"","jetpack_publicize_feature_enabled":true,"jetpack_social_post_already_shared":true,"jetpack_social_options":{"image_generator_settings":{"template":"highway","enabled":false},"version":2}},"categories":[111,251],"tags":[8,7,32],"class_list":["post-8694","post","type-post","status-publish","format-standard","has-post-thumbnail","hentry","category-deporte","category-webdealta","tag-altagraciadeorituco","tag-guarico","tag-webdealta",""],"jetpack_publicize_connections":[],"jetpack_featured_media_url":"https:\/\/webdealta.info\/wp-content\/uploads\/2024\/06\/dia-runners-webdealta-1.png","jetpack_sharing_enabled":true,"jetpack_likes_enabled":true,"jetpack-related-posts":[],"jetpack_shortlink":"https:\/\/wp.me\/pcseDn-2ge","_links":{"self":[{"href":"https:\/\/webdealta.info\/index.php?rest_route=\/wp\/v2\/posts\/8694","targetHints":{"allow":["GET"]}}],"collection":[{"href":"https:\/\/webdealta.info\/index.php?rest_route=\/wp\/v2\/posts"}],"about":[{"href":"https:\/\/webdealta.info\/index.php?rest_route=\/wp\/v2\/types\/post"}],"author":[{"embeddable":true,"href":"https:\/\/webdealta.info\/index.php?rest_route=\/wp\/v2\/users\/2"}],"replies":[{"embeddable":true,"href":"https:\/\/webdealta.info\/index.php?rest_route=%2Fwp%2Fv2%2Fcomments&post=8694"}],"version-history":[{"count":1,"href":"https:\/\/webdealta.info\/index.php?rest_route=\/wp\/v2\/posts\/8694\/revisions"}],"predecessor-version":[{"id":8698,"href":"https:\/\/webdealta.info\/index.php?rest_route=\/wp\/v2\/posts\/8694\/revisions\/8698"}],"wp:featuredmedia":[{"embeddable":true,"href":"https:\/\/webdealta.info\/index.php?rest_route=\/wp\/v2\/media\/8695"}],"wp:attachment":[{"href":"https:\/\/webdealta.info\/index.php?rest_route=%2Fwp%2Fv2%2Fmedia&parent=8694"}],"wp:term":[{"taxonomy":"category","embeddable":true,"href":"https:\/\/webdealta.info\/index.php?rest_route=%2Fwp%2Fv2%2Fcategories&post=8694"},{"taxonomy":"post_tag","embeddable":true,"href":"https:\/\/webdealta.info\/index.php?rest_route=%2Fwp%2Fv2%2Ftags&post=8694"}],"curies":[{"name":"wp","href":"https:\/\/api.w.org\/{rel}","templated":true}]}}