{"id":8685,"date":"2024-06-04T19:47:22","date_gmt":"2024-06-04T23:47:22","guid":{"rendered":"https:\/\/webdealta.info\/?p=8685"},"modified":"2024-06-04T19:47:34","modified_gmt":"2024-06-04T23:47:34","slug":"fuerza-de-tarea-humanitaria-simon-bolivar-cumplio-19-anos","status":"publish","type":"post","link":"https:\/\/webdealta.info\/?p=8685","title":{"rendered":"Fuerza de Tarea Humanitaria Sim\u00f3n Bol\u00edvar cumpli\u00f3 19 a\u00f1os"},"content":{"rendered":"\n<p>Venezuela se distingue en el planeta como un pa\u00eds solidario y fraterno ante situaciones de emergencia o calamidad, por eso los funcionarios que integran la Fuerza de Tarea Humanitaria Sim\u00f3n Bol\u00edvar (<a>Fthsb<\/a>), son hombres y mujeres con disciplina, valent\u00eda y tenacidad que tienen casi dos d\u00e9cadas realizando apoyo humanitario a los pueblos hermanos del mundo.<\/p>\n\n\n\n<p>Desde los espacios de la Base A\u00e9rea&nbsp;General\u00edsimo Francisco de Miranda, ubicada en&nbsp;La Carlota, Caracas, se desarroll\u00f3 un acto con motivo de los 19 a\u00f1os de la creaci\u00f3n de la Fthsb, por parte del presidente Hugo Ch\u00e1vez Fr\u00edas, con el fin de enaltecer la ardua labor que este grupo multidisciplinario despliega dentro y fuera de nuestras fronteras.<\/p>\n\n\n\n<p>Desde su creaci\u00f3n, se han enviado m\u00e1s de 1.400 toneladas de alimentos, insumos m\u00e9dicos, materiales y equipos, siguiendo instrucciones del presidente Nicol\u00e1s Maduro Moros, para dar respuesta a las situaciones generadas por eventos naturales o antr\u00f3picos; entre los pa\u00edses apoyados recientemente figuran: Surinam, Turqu\u00eda, Siria, Palestina, Chile y Bolivia.<\/p>\n\n\n\n<p>El vicepresidente Sectorial para la Seguridad Ciudadana y la Paz, AJ. Remigio Ceballos Ichaso, felicit\u00f3 al \u201cgran equipo de 25 mil funcionarios y funcionarias que integran Bomberos, Protecci\u00f3n Civil,&nbsp;voluntarios y otras instituciones del Estado, quienes apoyan estas labores para garantizar la seguridad y resguardo de las familias venezolanas\u201d.<\/p>\n\n\n\n<p>Adem\u00e1s, destac\u00f3 que, a 19 a\u00f1os de su creaci\u00f3n, se ha \u201cbrindado asistencia humanitaria en 77 misiones, de forma directa y solidaria a pa\u00edses del mundo\u201d. Durante el acto fueron condecorados funcionarios y funcionarias de la Fthsb con la \u201cOrden a la Paz\u201d en su \u00danica Clase.<\/p>\n\n\n\n<p><strong><em>Activos durante las lluvias<\/em><\/strong><\/p>\n\n\n\n<p>Asimismo, el titular de la cartera de Relaciones Interiores, Justicia y Paz, precis\u00f3 que periodo de lluvias inici\u00f3 el 1\u00b0 mayo y el Sistema Nacional Gesti\u00f3n de Riesgo, a trav\u00e9s de Protecci\u00f3n Civil (PC), y el Instituto Nacional de Meteorolog\u00eda e Hidrolog\u00eda (Inameh), trabajan de la mano de las comunidades para garantizar el bienestar del pueblo venezolano.<\/p>\n\n\n\n<p>\u201cContinuamos evaluando estrategias para la prevenci\u00f3n integral de la gesti\u00f3n de riesgo, a trav\u00e9s de un plan que permita afrontar la estaci\u00f3n lluviosa, junto a los equipos de los Ministerios del Poder Popular para Ecosocialismo y Obras P\u00fablicas\u201d.<\/p>\n\n\n\n<p>Est\u00e1s acciones forman parte de las l\u00edneas estrat\u00e9gicas contempladas en el V\u00e9rtice 5 de la Gran Misi\u00f3n Cuadrantes de Paz, pol\u00edtica p\u00fablica de seguridad que ejecuta el Estado, para preservar la vida en todo el territorio nacional.<\/p>\n\n\n\n<p>Equipo de Comunicaciones<\/p>\n\n\n\n<p>Direcci\u00f3n Nacional de Protecci\u00f3n Civil y Administraci\u00f3n de Desastre <\/p>\n\n\n\n<p><\/p>\n","protected":false},"excerpt":{"rendered":"<p>Venezuela se distingue en el planeta como un pa\u00eds solidario y fraterno ante situaciones de emergencia o calamidad, por eso los funcionarios que integran la Fuerza de Tarea Humanitaria Sim\u00f3n Bol\u00edvar (Fthsb), son hombres y mujeres con disciplina, valent\u00eda y tenacidad que tienen casi dos d\u00e9cadas realizando apoyo humanitario a<\/p>\n","protected":false},"author":2,"featured_media":8686,"comment_status":"open","ping_status":"open","sticky":false,"template":"","format":"standard","meta":{"advanced_seo_description":"","jetpack_seo_html_title":"","jetpack_seo_noindex":false,"_jetpack_memberships_contains_paid_content":false,"footnotes":"","jetpack_publicize_message":"","jetpack_publicize_feature_enabled":true,"jetpack_social_post_already_shared":true,"jetpack_social_options":{"image_generator_settings":{"template":"highway","enabled":false},"version":2}},"categories":[251],"tags":[8,7,32],"class_list":["post-8685","post","type-post","status-publish","format-standard","has-post-thumbnail","hentry","category-webdealta","tag-altagraciadeorituco","tag-guarico","tag-webdealta",""],"jetpack_publicize_connections":[],"jetpack_featured_media_url":"https:\/\/webdealta.info\/wp-content\/uploads\/2024\/06\/pc-webdealta-3.png","jetpack_sharing_enabled":true,"jetpack_likes_enabled":true,"jetpack-related-posts":[],"jetpack_shortlink":"https:\/\/wp.me\/pcseDn-2g5","_links":{"self":[{"href":"https:\/\/webdealta.info\/index.php?rest_route=\/wp\/v2\/posts\/8685","targetHints":{"allow":["GET"]}}],"collection":[{"href":"https:\/\/webdealta.info\/index.php?rest_route=\/wp\/v2\/posts"}],"about":[{"href":"https:\/\/webdealta.info\/index.php?rest_route=\/wp\/v2\/types\/post"}],"author":[{"embeddable":true,"href":"https:\/\/webdealta.info\/index.php?rest_route=\/wp\/v2\/users\/2"}],"replies":[{"embeddable":true,"href":"https:\/\/webdealta.info\/index.php?rest_route=%2Fwp%2Fv2%2Fcomments&post=8685"}],"version-history":[{"count":1,"href":"https:\/\/webdealta.info\/index.php?rest_route=\/wp\/v2\/posts\/8685\/revisions"}],"predecessor-version":[{"id":8687,"href":"https:\/\/webdealta.info\/index.php?rest_route=\/wp\/v2\/posts\/8685\/revisions\/8687"}],"wp:featuredmedia":[{"embeddable":true,"href":"https:\/\/webdealta.info\/index.php?rest_route=\/wp\/v2\/media\/8686"}],"wp:attachment":[{"href":"https:\/\/webdealta.info\/index.php?rest_route=%2Fwp%2Fv2%2Fmedia&parent=8685"}],"wp:term":[{"taxonomy":"category","embeddable":true,"href":"https:\/\/webdealta.info\/index.php?rest_route=%2Fwp%2Fv2%2Fcategories&post=8685"},{"taxonomy":"post_tag","embeddable":true,"href":"https:\/\/webdealta.info\/index.php?rest_route=%2Fwp%2Fv2%2Ftags&post=8685"}],"curies":[{"name":"wp","href":"https:\/\/api.w.org\/{rel}","templated":true}]}}