{"id":8681,"date":"2024-06-03T11:00:55","date_gmt":"2024-06-03T15:00:55","guid":{"rendered":"https:\/\/webdealta.info\/?p=8681"},"modified":"2024-06-03T11:00:57","modified_gmt":"2024-06-03T15:00:57","slug":"se-acentuo-falla-de-borde-entre-el-morro-y-la-loma-de-macaira","status":"publish","type":"post","link":"https:\/\/webdealta.info\/?p=8681","title":{"rendered":"Se acentu\u00f3 falla de borde entre El Morro y La Loma de Macaira"},"content":{"rendered":"\n<p>Amanda Saldivia.-<\/p>\n\n\n\n<p>Con las primeras lluvias intensas de la temporada, llegan reportes de mayor deterioro en la vialidad que no fue atendida en 2023, como es el caso del tramo El Morro-La Loma de Macaira, donde conductores afirman que avanz\u00f3 el desprendimiento de asfalto en una de las fallas de borde.<\/p>\n\n\n\n<p>Las fotograf\u00edas que acompa\u00f1an esta nota fueron enviadas por representantes de la l\u00ednea de taxis que cubre la ruta Altagracia-San Francisco de Macaria, quienes est\u00e1n preocupados al observar que la v\u00eda podr\u00eda quedar interrumpida, debido al inminente colapso de ese tramo.<\/p>\n\n\n\n<p>Por la importancia de esa arteria vial para los habitantes de esa parroquia del municipio Jos\u00e9 Tadeo Monagas, as\u00ed como el traslado de cosechas de verduras, entre otros rubros agr\u00edcolas, hicieron un llamado a las autoridades municipales y regionales, a los fines de que atiendan la situaci\u00f3n planteada.<\/p>\n\n\n\n<p>@amandasaldivia <\/p>\n\n\n\n<p><\/p>\n","protected":false},"excerpt":{"rendered":"<p>Amanda Saldivia.- Con las primeras lluvias intensas de la temporada, llegan reportes de mayor deterioro en la vialidad que no fue atendida en 2023, como es el caso del tramo El Morro-La Loma de Macaira, donde conductores afirman que avanz\u00f3 el desprendimiento de asfalto en una de las fallas de<\/p>\n","protected":false},"author":2,"featured_media":8682,"comment_status":"open","ping_status":"open","sticky":false,"template":"","format":"standard","meta":{"advanced_seo_description":"","jetpack_seo_html_title":"","jetpack_seo_noindex":false,"_jetpack_memberships_contains_paid_content":false,"footnotes":"","jetpack_publicize_message":"","jetpack_publicize_feature_enabled":true,"jetpack_social_post_already_shared":true,"jetpack_social_options":{"image_generator_settings":{"template":"highway","enabled":false},"version":2}},"categories":[16,251],"tags":[8,7,32],"class_list":["post-8681","post","type-post","status-publish","format-standard","has-post-thumbnail","hentry","category-vialidad","category-webdealta","tag-altagraciadeorituco","tag-guarico","tag-webdealta",""],"jetpack_publicize_connections":[],"jetpack_featured_media_url":"https:\/\/webdealta.info\/wp-content\/uploads\/2024\/06\/macaira-la-loma-2024-webdealta.png","jetpack_sharing_enabled":true,"jetpack_likes_enabled":true,"jetpack-related-posts":[],"jetpack_shortlink":"https:\/\/wp.me\/pcseDn-2g1","_links":{"self":[{"href":"https:\/\/webdealta.info\/index.php?rest_route=\/wp\/v2\/posts\/8681","targetHints":{"allow":["GET"]}}],"collection":[{"href":"https:\/\/webdealta.info\/index.php?rest_route=\/wp\/v2\/posts"}],"about":[{"href":"https:\/\/webdealta.info\/index.php?rest_route=\/wp\/v2\/types\/post"}],"author":[{"embeddable":true,"href":"https:\/\/webdealta.info\/index.php?rest_route=\/wp\/v2\/users\/2"}],"replies":[{"embeddable":true,"href":"https:\/\/webdealta.info\/index.php?rest_route=%2Fwp%2Fv2%2Fcomments&post=8681"}],"version-history":[{"count":1,"href":"https:\/\/webdealta.info\/index.php?rest_route=\/wp\/v2\/posts\/8681\/revisions"}],"predecessor-version":[{"id":8683,"href":"https:\/\/webdealta.info\/index.php?rest_route=\/wp\/v2\/posts\/8681\/revisions\/8683"}],"wp:featuredmedia":[{"embeddable":true,"href":"https:\/\/webdealta.info\/index.php?rest_route=\/wp\/v2\/media\/8682"}],"wp:attachment":[{"href":"https:\/\/webdealta.info\/index.php?rest_route=%2Fwp%2Fv2%2Fmedia&parent=8681"}],"wp:term":[{"taxonomy":"category","embeddable":true,"href":"https:\/\/webdealta.info\/index.php?rest_route=%2Fwp%2Fv2%2Fcategories&post=8681"},{"taxonomy":"post_tag","embeddable":true,"href":"https:\/\/webdealta.info\/index.php?rest_route=%2Fwp%2Fv2%2Ftags&post=8681"}],"curies":[{"name":"wp","href":"https:\/\/api.w.org\/{rel}","templated":true}]}}