{"id":8668,"date":"2024-05-29T21:18:52","date_gmt":"2024-05-30T01:18:52","guid":{"rendered":"https:\/\/webdealta.info\/?p=8668"},"modified":"2024-05-30T06:40:19","modified_gmt":"2024-05-30T10:40:19","slug":"vive-al-dia-de-corpus-christi-en-san-rafael-de-orituco","status":"publish","type":"post","link":"https:\/\/webdealta.info\/?p=8668","title":{"rendered":"Vive el D\u00eda de Corpus Christi en San Rafael de Orituco"},"content":{"rendered":"\n<p>Amanda Saldivia.-<\/p>\n\n\n\n<p>Este jueves 30 de mayo los Diablos Danzantes de San Rafael de Orituco se rendir\u00e1n ante el Sant\u00edsimo Sacramento como parte de la festividad de Corpus Christi, que se celebrar\u00e1 en este poblado del municipio Monagas, Gu\u00e1rico, tradici\u00f3n que fue declarada Patrimonio Cultural Inmaterial de la Humanidad en el a\u00f1o 2012.<\/p>\n\n\n\n<p>Para este jueves la diablada, guiada por Rafael Gota en su condici\u00f3n de presidente de la Cofrad\u00eda, iniciar\u00e1 el recorrido a las 7:00 am; la eucarist\u00eda oficiada por el p\u00e1rroco Alfonzo Mota ser\u00e1 a las 10:00 am; luego el compartir con los lugare\u00f1os a las 12:00 M; a las 3:00 pm nuevamente a las calles para cerrar con la visita al altar de la familia Lara, devotos del Sant\u00edsimo.<\/p>\n\n\n\n<p>Por su parte, el alcalde Pedro Sol\u00f3rzano, firm\u00f3 un decreto que declara D\u00eda de J\u00fabilo Laborable este jueves 30 de mayo, en honor a Corpus Christi y para realzar esta festividad en San Rafael de Orituco.<\/p>\n\n\n\n<p>@amandasaldivia <\/p>\n\n\n\n<p><\/p>\n","protected":false},"excerpt":{"rendered":"<p>Amanda Saldivia.- Este jueves 30 de mayo los Diablos Danzantes de San Rafael de Orituco se rendir\u00e1n ante el Sant\u00edsimo Sacramento como parte de la festividad de Corpus Christi, que se celebrar\u00e1 en este poblado del municipio Monagas, Gu\u00e1rico, tradici\u00f3n que fue declarada Patrimonio Cultural Inmaterial de la Humanidad en<\/p>\n","protected":false},"author":2,"featured_media":8669,"comment_status":"open","ping_status":"open","sticky":false,"template":"","format":"standard","meta":{"advanced_seo_description":"","jetpack_seo_html_title":"","jetpack_seo_noindex":false,"_jetpack_memberships_contains_paid_content":false,"footnotes":"","jetpack_publicize_message":"","jetpack_publicize_feature_enabled":true,"jetpack_social_post_already_shared":true,"jetpack_social_options":{"image_generator_settings":{"template":"highway","enabled":false},"version":2}},"categories":[327,251],"tags":[8,7,32],"class_list":["post-8668","post","type-post","status-publish","format-standard","has-post-thumbnail","hentry","category-cultura","category-webdealta","tag-altagraciadeorituco","tag-guarico","tag-webdealta",""],"jetpack_publicize_connections":[],"jetpack_featured_media_url":"https:\/\/webdealta.info\/wp-content\/uploads\/2024\/05\/corpus-en-san-rafael-de-orotuco-webdealta.png","jetpack_sharing_enabled":true,"jetpack_likes_enabled":true,"jetpack-related-posts":[],"jetpack_shortlink":"https:\/\/wp.me\/pcseDn-2fO","_links":{"self":[{"href":"https:\/\/webdealta.info\/index.php?rest_route=\/wp\/v2\/posts\/8668","targetHints":{"allow":["GET"]}}],"collection":[{"href":"https:\/\/webdealta.info\/index.php?rest_route=\/wp\/v2\/posts"}],"about":[{"href":"https:\/\/webdealta.info\/index.php?rest_route=\/wp\/v2\/types\/post"}],"author":[{"embeddable":true,"href":"https:\/\/webdealta.info\/index.php?rest_route=\/wp\/v2\/users\/2"}],"replies":[{"embeddable":true,"href":"https:\/\/webdealta.info\/index.php?rest_route=%2Fwp%2Fv2%2Fcomments&post=8668"}],"version-history":[{"count":2,"href":"https:\/\/webdealta.info\/index.php?rest_route=\/wp\/v2\/posts\/8668\/revisions"}],"predecessor-version":[{"id":8671,"href":"https:\/\/webdealta.info\/index.php?rest_route=\/wp\/v2\/posts\/8668\/revisions\/8671"}],"wp:featuredmedia":[{"embeddable":true,"href":"https:\/\/webdealta.info\/index.php?rest_route=\/wp\/v2\/media\/8669"}],"wp:attachment":[{"href":"https:\/\/webdealta.info\/index.php?rest_route=%2Fwp%2Fv2%2Fmedia&parent=8668"}],"wp:term":[{"taxonomy":"category","embeddable":true,"href":"https:\/\/webdealta.info\/index.php?rest_route=%2Fwp%2Fv2%2Fcategories&post=8668"},{"taxonomy":"post_tag","embeddable":true,"href":"https:\/\/webdealta.info\/index.php?rest_route=%2Fwp%2Fv2%2Ftags&post=8668"}],"curies":[{"name":"wp","href":"https:\/\/api.w.org\/{rel}","templated":true}]}}