{"id":8664,"date":"2024-05-28T22:10:54","date_gmt":"2024-05-29T02:10:54","guid":{"rendered":"https:\/\/webdealta.info\/?p=8664"},"modified":"2024-05-28T22:10:56","modified_gmt":"2024-05-29T02:10:56","slug":"altagracia-tiene-campeones-nacionales-de-taekwondo","status":"publish","type":"post","link":"https:\/\/webdealta.info\/?p=8664","title":{"rendered":"Altagracia tiene Campeones Nacionales de Taekwondo"},"content":{"rendered":"\n<p>Amanda Saldivia.-<\/p>\n\n\n\n<p>Medallas de oro, plata y bronce obtuvieron los atletas de la escuela Lic-Hec de Altagracia de Orituco, quienes representaron al estado Gu\u00e1rico en el Campeonato Nacional de Taekwondo, celebrado en la Ciudad Ol\u00edmpica de San Juan de los Morros los d\u00edas 24, 25 y 26 de mayo.<\/p>\n\n\n\n<p>H\u00e9ctor Beomont, entrenador de la escuela de Taekwondo Lic-Hec, felicit\u00f3 a los atletas por el destacado desempe\u00f1o, a los padres por el apoyo y aprovech\u00f3 para compartir en detalles el logro alcanzado por cada uno de ellos.<\/p>\n\n\n\n<p>Francisco Antonio Pinto Itriago, categor\u00eda Kyorugui Verde Negro Juvenil, -45 kg, obtuvo el primer lugar y se hizo merecedor de la medalla de oro (Campe\u00f3n Nacional); Albert Jes\u00fas Carranza Barrios, particip\u00f3 en la categor\u00eda Kyorugui Blanco Naranja Infantil de 8 a 9 a\u00f1os, -35 kg, alcanz\u00f3 el primer lugar, medalla de oro (Campe\u00f3n Nacional).<\/p>\n\n\n\n<p>Otro atleta destacado fue Jonathan Alexander Quevedo Osorio, quien obtuvo medalla de plata (Subcampe\u00f3n Nacional), en la categor\u00eda Kyorugui Infantil Verde Negro de 10 a 11 a\u00f1os -30 kg; mientras Jheikert Jes\u00fas Barrios Ron, logr\u00f3 medalla de bronce en la categor\u00eda Kyorugui Infantil Verde Negro 10 a 11 a\u00f1os -35 kg.<\/p>\n\n\n\n<p>@amandasaldivia <\/p>\n\n\n\n<p><\/p>\n","protected":false},"excerpt":{"rendered":"<p>Amanda Saldivia.- Medallas de oro, plata y bronce obtuvieron los atletas de la escuela Lic-Hec de Altagracia de Orituco, quienes representaron al estado Gu\u00e1rico en el Campeonato Nacional de Taekwondo, celebrado en la Ciudad Ol\u00edmpica de San Juan de los Morros los d\u00edas 24, 25 y 26 de mayo. H\u00e9ctor<\/p>\n","protected":false},"author":2,"featured_media":8665,"comment_status":"open","ping_status":"open","sticky":false,"template":"","format":"standard","meta":{"advanced_seo_description":"","jetpack_seo_html_title":"","jetpack_seo_noindex":false,"_jetpack_memberships_contains_paid_content":false,"footnotes":"","jetpack_publicize_message":"","jetpack_publicize_feature_enabled":true,"jetpack_social_post_already_shared":true,"jetpack_social_options":{"image_generator_settings":{"template":"highway","enabled":false},"version":2}},"categories":[111,251],"tags":[8,7,32],"class_list":["post-8664","post","type-post","status-publish","format-standard","has-post-thumbnail","hentry","category-deporte","category-webdealta","tag-altagraciadeorituco","tag-guarico","tag-webdealta",""],"jetpack_publicize_connections":[],"jetpack_featured_media_url":"https:\/\/webdealta.info\/wp-content\/uploads\/2024\/05\/taekwondo-webdealta.png","jetpack_sharing_enabled":true,"jetpack_likes_enabled":true,"jetpack-related-posts":[],"jetpack_shortlink":"https:\/\/wp.me\/pcseDn-2fK","_links":{"self":[{"href":"https:\/\/webdealta.info\/index.php?rest_route=\/wp\/v2\/posts\/8664","targetHints":{"allow":["GET"]}}],"collection":[{"href":"https:\/\/webdealta.info\/index.php?rest_route=\/wp\/v2\/posts"}],"about":[{"href":"https:\/\/webdealta.info\/index.php?rest_route=\/wp\/v2\/types\/post"}],"author":[{"embeddable":true,"href":"https:\/\/webdealta.info\/index.php?rest_route=\/wp\/v2\/users\/2"}],"replies":[{"embeddable":true,"href":"https:\/\/webdealta.info\/index.php?rest_route=%2Fwp%2Fv2%2Fcomments&post=8664"}],"version-history":[{"count":1,"href":"https:\/\/webdealta.info\/index.php?rest_route=\/wp\/v2\/posts\/8664\/revisions"}],"predecessor-version":[{"id":8666,"href":"https:\/\/webdealta.info\/index.php?rest_route=\/wp\/v2\/posts\/8664\/revisions\/8666"}],"wp:featuredmedia":[{"embeddable":true,"href":"https:\/\/webdealta.info\/index.php?rest_route=\/wp\/v2\/media\/8665"}],"wp:attachment":[{"href":"https:\/\/webdealta.info\/index.php?rest_route=%2Fwp%2Fv2%2Fmedia&parent=8664"}],"wp:term":[{"taxonomy":"category","embeddable":true,"href":"https:\/\/webdealta.info\/index.php?rest_route=%2Fwp%2Fv2%2Fcategories&post=8664"},{"taxonomy":"post_tag","embeddable":true,"href":"https:\/\/webdealta.info\/index.php?rest_route=%2Fwp%2Fv2%2Ftags&post=8664"}],"curies":[{"name":"wp","href":"https:\/\/api.w.org\/{rel}","templated":true}]}}