{"id":8654,"date":"2024-05-26T18:29:59","date_gmt":"2024-05-26T22:29:59","guid":{"rendered":"https:\/\/webdealta.info\/?p=8654"},"modified":"2024-05-26T18:30:01","modified_gmt":"2024-05-26T22:30:01","slug":"iee-altagracia-y-autoridades-de-educacion-enfocadas-en-recuperar-el-transporte-escolar","status":"publish","type":"post","link":"https:\/\/webdealta.info\/?p=8654","title":{"rendered":"IEE Altagracia y autoridades de educaci\u00f3n enfocadas en recuperar el transporte escolar"},"content":{"rendered":"\n<p>Amanda Saldivia.-<\/p>\n\n\n\n<p>Tras una reuni\u00f3n entre personal del IEE Altagracia y la Dra. Susana Sayegh, coordinadora del Centro para la Calidad Educativa del municipio Jos\u00e9 Tadeo Monagas, ces\u00f3 la situaci\u00f3n de conflicto por la cual atravesaba esa instituci\u00f3n de educaci\u00f3n especial en las \u00faltimas semanas.<\/p>\n\n\n\n<p>Entre los acuerdos alcanzados destac\u00f3 el nombramiento de una comisi\u00f3n que evaluar\u00e1 las condiciones del transporte escolar, unidad que est\u00e1 accidentada y cuya recuperaci\u00f3n es importante para garantizar la asistencia de los ni\u00f1os con condiciones educativas especiales.<\/p>\n\n\n\n<p>Asimismo, fue designada directora encargada hasta que culmine el a\u00f1o escolar, la profesora Sonia Machado, quien adem\u00e1s es coordinadora de acompa\u00f1amiento pedag\u00f3gico y procesos administrativos del Centro de Desarrollo para la Calidad Educativa de la parroquia Altagracia.<\/p>\n\n\n\n<p>Esta profesional, estar\u00e1 acompa\u00f1ada en la direcci\u00f3n del IEE Altagracia por la profesora Fiore Campos, enlace de formaci\u00f3n y orientaci\u00f3n pedag\u00f3gica, especialista en educaci\u00f3n Inicial y Especial.<\/p>\n\n\n\n<p>La Dra. Susana Sayegh celebr\u00f3 que la propuesta presentada, el pasado viernes 24 de mayo, al personal del IEE haya sido aceptada como una alternativa de soluci\u00f3n, al tiempo que aprovech\u00f3 la presencia de este medio digital para resaltar la extraordinaria labor que desempe\u00f1\u00f3 la profesora Marcia Vel\u00e1squez en la direcci\u00f3n y en los \u00faltimos meses la profesora Marihet Pacheco.<\/p>\n\n\n\n<p>@amandasaldivia <\/p>\n\n\n\n<p><\/p>\n","protected":false},"excerpt":{"rendered":"<p>Amanda Saldivia.- Tras una reuni\u00f3n entre personal del IEE Altagracia y la Dra. Susana Sayegh, coordinadora del Centro para la Calidad Educativa del municipio Jos\u00e9 Tadeo Monagas, ces\u00f3 la situaci\u00f3n de conflicto por la cual atravesaba esa instituci\u00f3n de educaci\u00f3n especial en las \u00faltimas semanas. Entre los acuerdos alcanzados destac\u00f3<\/p>\n","protected":false},"author":2,"featured_media":8655,"comment_status":"open","ping_status":"open","sticky":false,"template":"","format":"standard","meta":{"advanced_seo_description":"","jetpack_seo_html_title":"","jetpack_seo_noindex":false,"_jetpack_memberships_contains_paid_content":false,"footnotes":"","jetpack_publicize_message":"","jetpack_publicize_feature_enabled":true,"jetpack_social_post_already_shared":true,"jetpack_social_options":{"image_generator_settings":{"template":"highway","enabled":false},"version":2}},"categories":[335,251],"tags":[8,7,32],"class_list":["post-8654","post","type-post","status-publish","format-standard","has-post-thumbnail","hentry","category-locales","category-webdealta","tag-altagraciadeorituco","tag-guarico","tag-webdealta",""],"jetpack_publicize_connections":[],"jetpack_featured_media_url":"https:\/\/webdealta.info\/wp-content\/uploads\/2024\/05\/iee-altagracia-webdealta-domingo.png","jetpack_sharing_enabled":true,"jetpack_likes_enabled":true,"jetpack-related-posts":[],"jetpack_shortlink":"https:\/\/wp.me\/pcseDn-2fA","_links":{"self":[{"href":"https:\/\/webdealta.info\/index.php?rest_route=\/wp\/v2\/posts\/8654","targetHints":{"allow":["GET"]}}],"collection":[{"href":"https:\/\/webdealta.info\/index.php?rest_route=\/wp\/v2\/posts"}],"about":[{"href":"https:\/\/webdealta.info\/index.php?rest_route=\/wp\/v2\/types\/post"}],"author":[{"embeddable":true,"href":"https:\/\/webdealta.info\/index.php?rest_route=\/wp\/v2\/users\/2"}],"replies":[{"embeddable":true,"href":"https:\/\/webdealta.info\/index.php?rest_route=%2Fwp%2Fv2%2Fcomments&post=8654"}],"version-history":[{"count":1,"href":"https:\/\/webdealta.info\/index.php?rest_route=\/wp\/v2\/posts\/8654\/revisions"}],"predecessor-version":[{"id":8656,"href":"https:\/\/webdealta.info\/index.php?rest_route=\/wp\/v2\/posts\/8654\/revisions\/8656"}],"wp:featuredmedia":[{"embeddable":true,"href":"https:\/\/webdealta.info\/index.php?rest_route=\/wp\/v2\/media\/8655"}],"wp:attachment":[{"href":"https:\/\/webdealta.info\/index.php?rest_route=%2Fwp%2Fv2%2Fmedia&parent=8654"}],"wp:term":[{"taxonomy":"category","embeddable":true,"href":"https:\/\/webdealta.info\/index.php?rest_route=%2Fwp%2Fv2%2Fcategories&post=8654"},{"taxonomy":"post_tag","embeddable":true,"href":"https:\/\/webdealta.info\/index.php?rest_route=%2Fwp%2Fv2%2Ftags&post=8654"}],"curies":[{"name":"wp","href":"https:\/\/api.w.org\/{rel}","templated":true}]}}