{"id":864,"date":"2020-11-28T18:11:10","date_gmt":"2020-11-28T22:11:10","guid":{"rendered":"https:\/\/webdealta.info\/?p=864"},"modified":"2020-11-28T18:15:13","modified_gmt":"2020-11-28T22:15:13","slug":"radio-maraton-por-una-causa-comun-el-agua","status":"publish","type":"post","link":"https:\/\/webdealta.info\/?p=864","title":{"rendered":"Radio marat\u00f3n por una causa com\u00fan: el agua"},"content":{"rendered":"\n<h4 class=\"wp-block-heading\">Las emisoras de Altagracia se unieron en apoyo a la jornada pro fondos<\/h4>\n\n\n\n<figure class=\"wp-block-image size-large\"><img decoding=\"async\" src=\"https:\/\/webdealta.info\/wp-content\/uploads\/2020\/11\/evento-2-1024x546.jpeg\" alt=\"\" class=\"wp-image-865\"\/><figcaption>Radio marat\u00f3n en Altagracia. Unidas las emisoras Guara\u00f1a 97.5 FM y Activa 104.9 FM<\/figcaption><\/figure>\n\n\n\n<p>Amanda Saldivia<\/p>\n\n\n\n<p>Las emisoras Guara\u00f1a 97.5 FM y Activa 104.9 FM se unieron en un radio marat\u00f3n en apoyo a la comisi\u00f3n Pro Fondos de la reparaci\u00f3n de uno de los motores de la toma flotante del embalse Guanapito, esto a los fines de promocionar esta iniciativa de la sociedad civil y cubrir lo presupuestado.<\/p>\n\n\n\n<p>La coordinaci\u00f3n del evento art\u00edstico estuvo a cargo de Francisco Israel Alvarado, conductor del espacio La Voz de Venezuela, quien convoc\u00f3 a cantantes y m\u00fasicos de la localidad para amenizar la jornada, que se llev\u00f3 a cabo en la calle Ilustres Pr\u00f3ceres de Altagracia, este s\u00e1bado 28 de noviembre.<\/p>\n\n\n\n<p>Estuvieron presentes los arpistas Ra\u00fal Bravo y David Pil\u00f3n Requena, en el cuatro Elois Reyes, Manuel Bol\u00edvar con las maracas, en el bajo Luisra y Rolando Chirinos, para acompa\u00f1ar al talento local, entre ellos Jos\u00e9 Gregorio Utrera, El Toto de la Llanura, El \u00d1emerito de Oriente, Ronald Mar\u00edn, El Tigre de Tamanaco, Javiely Estanga, Yohanny Tovar, Yonny Sojo, Juan Carlos Palacio y Arqu\u00edmedes Bandres.<\/p>\n\n\n\n<p>La actividad pro fondos de la reparaci\u00f3n del motor que se da\u00f1\u00f3 en la toma flotante del embalse Guanapito comenz\u00f3 hace tres semanas y desde esa fecha la comisi\u00f3n integrada por Elisenda Tovar, Marisela De Angelis, Amparo Ballesteros, Amarilis Bandres, Argenis Pi\u00f1ero, William Fourneau, Pablo Rojas y la redactora de esta nota, han estado desplegados en puntos de recolecci\u00f3n los fines de semana y en abordaje a las comunidades.<\/p>\n\n\n\n<p>Como en eventos anteriores, la comisi\u00f3n agradeci\u00f3 la colaboraci\u00f3n de cada ciudadano y comerciante que hizo el aporte, adem\u00e1s del apoyo de los trabajadores de los medios de comunicaci\u00f3n social, m\u00fasicos, artistas, porque la finalidad es reparar ese equipo para que llegue el agua en mejores condiciones a la planta de tratamiento Chapaiguana y contin\u00fae el proceso de potabilizaci\u00f3n, pero sin necesidad de utilizar grandes cantidades de sulfato de aluminio, tal y como ocurre en los actuales momentos, despu\u00e9s que se activ\u00f3 la toma de fondo, que como su nombre lo indica viene del \u00e1rea sedimentada del embalse Guanapito.<\/p>\n\n\n\n<p>Es importante recordar, que el sistema de bombeo est\u00e1 integrado por tres motores y el deterioro comenz\u00f3 en mayo de 2020, mes en el cual se da\u00f1\u00f3 el primer motor, el cual todav\u00eda no ha sido reparado. En septiembre se quema el segundo motor y es en ese momento cuando se impulsa esta iniciativa de la sociedad civil, que cuenta con el apoyo de ciudadanos que est\u00e1n conscientes de la importancia de mejorar las condiciones del agua potable, porque cada vez que falla el suministro de sulfato de aluminio lo que llega a los hogares es pr\u00e1cticamente barro, agua que no est\u00e1 apta para el consumo humano.<\/p>\n\n\n\n<p>Al cierre de la jornada el locutor Romer Lagrutta dio a conocer la suma recolectada, la cual fue de 46 millones 870 mil bol\u00edvares, adem\u00e1s de 80 d\u00f3lares. <\/p>\n\n\n\n<p><\/p>\n","protected":false},"excerpt":{"rendered":"<p>Las emisoras de Altagracia se unieron en apoyo a la jornada pro fondos Amanda Saldivia Las emisoras Guara\u00f1a 97.5 FM y Activa 104.9 FM se unieron en un radio marat\u00f3n en apoyo a la comisi\u00f3n Pro Fondos de la reparaci\u00f3n de uno de los motores de la toma flotante del<\/p>\n","protected":false},"author":2,"featured_media":0,"comment_status":"open","ping_status":"open","sticky":false,"template":"","format":"standard","meta":{"advanced_seo_description":"","jetpack_seo_html_title":"","jetpack_seo_noindex":false,"_jetpack_memberships_contains_paid_content":false,"footnotes":"","jetpack_publicize_message":"","jetpack_publicize_feature_enabled":true,"jetpack_social_post_already_shared":true,"jetpack_social_options":{"image_generator_settings":{"template":"highway","enabled":false},"version":2}},"categories":[63],"tags":[79,8,32],"class_list":["post-864","post","type-post","status-publish","format-standard","hentry","category-jornada-pro-fondos","tag-agua","tag-altagraciadeorituco","tag-webdealta",""],"jetpack_publicize_connections":[],"jetpack_featured_media_url":"","jetpack_sharing_enabled":true,"jetpack_likes_enabled":true,"jetpack-related-posts":[],"jetpack_shortlink":"https:\/\/wp.me\/pcseDn-dW","_links":{"self":[{"href":"https:\/\/webdealta.info\/index.php?rest_route=\/wp\/v2\/posts\/864","targetHints":{"allow":["GET"]}}],"collection":[{"href":"https:\/\/webdealta.info\/index.php?rest_route=\/wp\/v2\/posts"}],"about":[{"href":"https:\/\/webdealta.info\/index.php?rest_route=\/wp\/v2\/types\/post"}],"author":[{"embeddable":true,"href":"https:\/\/webdealta.info\/index.php?rest_route=\/wp\/v2\/users\/2"}],"replies":[{"embeddable":true,"href":"https:\/\/webdealta.info\/index.php?rest_route=%2Fwp%2Fv2%2Fcomments&post=864"}],"version-history":[{"count":2,"href":"https:\/\/webdealta.info\/index.php?rest_route=\/wp\/v2\/posts\/864\/revisions"}],"predecessor-version":[{"id":868,"href":"https:\/\/webdealta.info\/index.php?rest_route=\/wp\/v2\/posts\/864\/revisions\/868"}],"wp:attachment":[{"href":"https:\/\/webdealta.info\/index.php?rest_route=%2Fwp%2Fv2%2Fmedia&parent=864"}],"wp:term":[{"taxonomy":"category","embeddable":true,"href":"https:\/\/webdealta.info\/index.php?rest_route=%2Fwp%2Fv2%2Fcategories&post=864"},{"taxonomy":"post_tag","embeddable":true,"href":"https:\/\/webdealta.info\/index.php?rest_route=%2Fwp%2Fv2%2Ftags&post=864"}],"curies":[{"name":"wp","href":"https:\/\/api.w.org\/{rel}","templated":true}]}}