{"id":8629,"date":"2024-05-20T16:28:40","date_gmt":"2024-05-20T20:28:40","guid":{"rendered":"https:\/\/webdealta.info\/?p=8629"},"modified":"2024-05-20T16:28:41","modified_gmt":"2024-05-20T20:28:41","slug":"fundacion-dr-pedro-maria-arevalo-celebro-los-40-anos-de-la-biblioteca","status":"publish","type":"post","link":"https:\/\/webdealta.info\/?p=8629","title":{"rendered":"Fundaci\u00f3n Dr. Pedro Mar\u00eda Ar\u00e9valo celebr\u00f3 los 40 a\u00f1os de la biblioteca"},"content":{"rendered":"\n<p>Amanda Saldivia.-<\/p>\n\n\n\n<p>La presentaci\u00f3n de danzas de la agrupaci\u00f3n Venezuela Viva y el cuarteto de cuerdas de la orquesta sinf\u00f3nica, fue parte del programa para celebrar los 40 a\u00f1os de la biblioteca Adolfo Antonio Machado, creada por los directivos de la fundaci\u00f3n Dr. Pedro Mar\u00eda Cede\u00f1o (FUNPMAC); en el a\u00f1o 1984, como parte del fomento de la cultura de esta tierra gracitana.<\/p>\n\n\n\n<p>El arquitecto Alfredo D\u00b4Suze, presidente de la FUNPMAC, hizo un repaso por los momentos que marcaron esos 40 a\u00f1os, entre ellos que \u201cfue un cinco de mayo de 1984 cuando se crea la biblioteca Adolfo Antonio Machado, en ese momento su presidente Pedro Natalio Ar\u00e9valo, en uso de sus atribuciones, apoyado por la directiva, hace esa creaci\u00f3n y es justamente el 19 de mayo de ese mismo a\u00f1o, cuando se abre al p\u00fablico, por lo tanto, tomamos como fecha de celebraci\u00f3n el 19 de mayo\u201d.<\/p>\n\n\n\n<p>Por esa raz\u00f3n, el pasado domingo se celebr\u00f3 una misa de Acci\u00f3n de Gracias en la iglesia Nuestra Se\u00f1ora de Altagracia y este lunes 20, el acto cultural, recorrido por las instalaciones que fueron reordenadas y el compartir con miembros de la fundaci\u00f3n e invitados especiales.<\/p>\n\n\n\n<p>Durante las palabras de apertura del acto, Alfredo D\u00b4Suze reflexion\u00f3 sobre el trabajo que durante 40 a\u00f1os ha hecho el personal, la directiva y los miembros de la fundaci\u00f3n Dr. Pedro Mar\u00eda Ar\u00e9valo, en pro de preservar los espacios.<\/p>\n\n\n\n<p>De all\u00ed que expresara que \u201cdurante estos 40 a\u00f1os en la biblioteca, se le ha puesto empre\u00f1o, se le ha puesto amor, cari\u00f1o, a todo lo que se est\u00e1 haciendo aqu\u00ed y por eso creemos que se ha mantenido ese logro de un servicio permanente e ininterrumpido desde el a\u00f1o 1984\u201d.<\/p>\n\n\n\n<p>Otro aspecto que destac\u00f3 en el desarrollo del acto, fueron las palabras de Leonardo Lagazzi, quien en nombre del padre Cruz Mujica y el equipo de la Pastoral Nuestra Se\u00f1ora de Altagracia, entreg\u00f3 el folleto recientemente editado de la vida en Altagracia de la Beata Madre Candelaria de San Jos\u00e9, adem\u00e1s de un sobre con un donativo para contribuir con los gastos que requiere mantener esa casona, ubicada en la calle Ilustres Pr\u00f3ceres de Altagracia de Orituco.<\/p>\n\n\n\n<p>Entre los asistentes resalt\u00f3 el compositor y cantante Don Pablo Arocha Rojas, quien presidi\u00f3 la fundaci\u00f3n Dr. Pedro Mar\u00eda Ar\u00e9valo por casi 20 a\u00f1os; adem\u00e1s del Dr. Carlos L\u00f3pez Garc\u00e9s, cronista del municipio Jos\u00e9 Tadeo Monagas; la profesora Marisela Saldivia, firmante del acta constitutiva de la biblioteca y vicepresidenta por un largo per\u00edodo; as\u00ed como tambi\u00e9n Aura Carballo Machado, directiva actual y bisnieta de Adolfo Antonio Machado; la Dra. Milvia Garc\u00eda, presidente del Centro M\u00e9dico Orituco; Mar\u00eda Margarita D\u00b4Suze, coordinadora de Acci\u00f3n Campesina Gu\u00e1rico y dem\u00e1s invitados especiales.<\/p>\n\n\n\n<p>@amandasaldivia <\/p>\n\n\n\n<p><\/p>\n","protected":false},"excerpt":{"rendered":"<p>Amanda Saldivia.- La presentaci\u00f3n de danzas de la agrupaci\u00f3n Venezuela Viva y el cuarteto de cuerdas de la orquesta sinf\u00f3nica, fue parte del programa para celebrar los 40 a\u00f1os de la biblioteca Adolfo Antonio Machado, creada por los directivos de la fundaci\u00f3n Dr. Pedro Mar\u00eda Cede\u00f1o (FUNPMAC); en el a\u00f1o<\/p>\n","protected":false},"author":2,"featured_media":8630,"comment_status":"open","ping_status":"open","sticky":false,"template":"","format":"standard","meta":{"advanced_seo_description":"","jetpack_seo_html_title":"","jetpack_seo_noindex":false,"_jetpack_memberships_contains_paid_content":false,"footnotes":"","jetpack_publicize_message":"","jetpack_publicize_feature_enabled":true,"jetpack_social_post_already_shared":true,"jetpack_social_options":{"image_generator_settings":{"template":"highway","enabled":false},"version":2}},"categories":[335,251],"tags":[8,7,32],"class_list":["post-8629","post","type-post","status-publish","format-standard","has-post-thumbnail","hentry","category-locales","category-webdealta","tag-altagraciadeorituco","tag-guarico","tag-webdealta",""],"jetpack_publicize_connections":[],"jetpack_featured_media_url":"https:\/\/webdealta.info\/wp-content\/uploads\/2024\/05\/funpmac-webdealta-2024.png","jetpack_sharing_enabled":true,"jetpack_likes_enabled":true,"jetpack-related-posts":[],"jetpack_shortlink":"https:\/\/wp.me\/pcseDn-2fb","_links":{"self":[{"href":"https:\/\/webdealta.info\/index.php?rest_route=\/wp\/v2\/posts\/8629","targetHints":{"allow":["GET"]}}],"collection":[{"href":"https:\/\/webdealta.info\/index.php?rest_route=\/wp\/v2\/posts"}],"about":[{"href":"https:\/\/webdealta.info\/index.php?rest_route=\/wp\/v2\/types\/post"}],"author":[{"embeddable":true,"href":"https:\/\/webdealta.info\/index.php?rest_route=\/wp\/v2\/users\/2"}],"replies":[{"embeddable":true,"href":"https:\/\/webdealta.info\/index.php?rest_route=%2Fwp%2Fv2%2Fcomments&post=8629"}],"version-history":[{"count":1,"href":"https:\/\/webdealta.info\/index.php?rest_route=\/wp\/v2\/posts\/8629\/revisions"}],"predecessor-version":[{"id":8631,"href":"https:\/\/webdealta.info\/index.php?rest_route=\/wp\/v2\/posts\/8629\/revisions\/8631"}],"wp:featuredmedia":[{"embeddable":true,"href":"https:\/\/webdealta.info\/index.php?rest_route=\/wp\/v2\/media\/8630"}],"wp:attachment":[{"href":"https:\/\/webdealta.info\/index.php?rest_route=%2Fwp%2Fv2%2Fmedia&parent=8629"}],"wp:term":[{"taxonomy":"category","embeddable":true,"href":"https:\/\/webdealta.info\/index.php?rest_route=%2Fwp%2Fv2%2Fcategories&post=8629"},{"taxonomy":"post_tag","embeddable":true,"href":"https:\/\/webdealta.info\/index.php?rest_route=%2Fwp%2Fv2%2Ftags&post=8629"}],"curies":[{"name":"wp","href":"https:\/\/api.w.org\/{rel}","templated":true}]}}