{"id":8624,"date":"2024-05-20T15:07:01","date_gmt":"2024-05-20T19:07:01","guid":{"rendered":"https:\/\/webdealta.info\/?p=8624"},"modified":"2024-05-20T15:31:34","modified_gmt":"2024-05-20T19:31:34","slug":"intt-altagracia-celebro-el-dia-del-patrullero-escolar","status":"publish","type":"post","link":"https:\/\/webdealta.info\/?p=8624","title":{"rendered":"INTT \u00a0Altagracia celebr\u00f3 el D\u00eda del Patrullero Escolar"},"content":{"rendered":"\n<p>Amanda Saldivia.-<\/p>\n\n\n\n<p>Como parte de la celebraci\u00f3n del D\u00eda del Patrullero Escolar, el equipo del Instituto Nacional de Transporte Terrestre (INTT), entreg\u00f3 gorras a los estudiantes que conforman esta organizaci\u00f3n en la escuela b\u00e1sica Los Guaiquer\u00edes de Altagracia de Orituco.<\/p>\n\n\n\n<p>La informaci\u00f3n la dio a conocer Manuel Herrera, responsable de Redes Sociales del INTT de esta localidad, quien explic\u00f3 que, en la ma\u00f1ana de este lunes 20 de mayo, asistieron a la mencionada instituci\u00f3n educativa para compartir con los ni\u00f1os y ni\u00f1as que integran la Patrulla Escolar, a los fines de entregarles el obsequio y recordarles las responsabilidades que tienen en material vial.<\/p>\n\n\n\n<p>En ese sentido, mencion\u00f3 que la Patrulla Escolar tambi\u00e9n promociona cu\u00e1l debe ser el comportamiento de los peatones, con miras a garantizar la seguridad por medio del accionar de los estudiantes a la hora de dirigirse al plantel o al salir de \u00e9l.<\/p>\n\n\n\n<p>Es importante mencionar que la figura del Patrullero Escolar fue impulsada por Transporte Terrestre en el a\u00f1o 1957, como un plan piloto en las escuelas de Caracas, para posteriormente extenderse a otros planteles en el pa\u00eds.<\/p>\n\n\n\n<p>@amandasaldivia <\/p>\n\n\n\n<p><\/p>\n","protected":false},"excerpt":{"rendered":"<p>Amanda Saldivia.- Como parte de la celebraci\u00f3n del D\u00eda del Patrullero Escolar, el equipo del Instituto Nacional de Transporte Terrestre (INTT), entreg\u00f3 gorras a los estudiantes que conforman esta organizaci\u00f3n en la escuela b\u00e1sica Los Guaiquer\u00edes de Altagracia de Orituco. La informaci\u00f3n la dio a conocer Manuel Herrera, responsable de<\/p>\n","protected":false},"author":2,"featured_media":8625,"comment_status":"open","ping_status":"open","sticky":false,"template":"","format":"standard","meta":{"advanced_seo_description":"","jetpack_seo_html_title":"","jetpack_seo_noindex":false,"_jetpack_memberships_contains_paid_content":false,"footnotes":"","jetpack_publicize_message":"","jetpack_publicize_feature_enabled":true,"jetpack_social_post_already_shared":true,"jetpack_social_options":{"image_generator_settings":{"template":"highway","enabled":false},"version":2}},"categories":[335,251],"tags":[8,7,32],"class_list":["post-8624","post","type-post","status-publish","format-standard","has-post-thumbnail","hentry","category-locales","category-webdealta","tag-altagraciadeorituco","tag-guarico","tag-webdealta",""],"jetpack_publicize_connections":[],"jetpack_featured_media_url":"https:\/\/webdealta.info\/wp-content\/uploads\/2024\/05\/patrulleros-escolares-webdealta.png","jetpack_sharing_enabled":true,"jetpack_likes_enabled":true,"jetpack-related-posts":[],"jetpack_shortlink":"https:\/\/wp.me\/pcseDn-2f6","_links":{"self":[{"href":"https:\/\/webdealta.info\/index.php?rest_route=\/wp\/v2\/posts\/8624","targetHints":{"allow":["GET"]}}],"collection":[{"href":"https:\/\/webdealta.info\/index.php?rest_route=\/wp\/v2\/posts"}],"about":[{"href":"https:\/\/webdealta.info\/index.php?rest_route=\/wp\/v2\/types\/post"}],"author":[{"embeddable":true,"href":"https:\/\/webdealta.info\/index.php?rest_route=\/wp\/v2\/users\/2"}],"replies":[{"embeddable":true,"href":"https:\/\/webdealta.info\/index.php?rest_route=%2Fwp%2Fv2%2Fcomments&post=8624"}],"version-history":[{"count":2,"href":"https:\/\/webdealta.info\/index.php?rest_route=\/wp\/v2\/posts\/8624\/revisions"}],"predecessor-version":[{"id":8627,"href":"https:\/\/webdealta.info\/index.php?rest_route=\/wp\/v2\/posts\/8624\/revisions\/8627"}],"wp:featuredmedia":[{"embeddable":true,"href":"https:\/\/webdealta.info\/index.php?rest_route=\/wp\/v2\/media\/8625"}],"wp:attachment":[{"href":"https:\/\/webdealta.info\/index.php?rest_route=%2Fwp%2Fv2%2Fmedia&parent=8624"}],"wp:term":[{"taxonomy":"category","embeddable":true,"href":"https:\/\/webdealta.info\/index.php?rest_route=%2Fwp%2Fv2%2Fcategories&post=8624"},{"taxonomy":"post_tag","embeddable":true,"href":"https:\/\/webdealta.info\/index.php?rest_route=%2Fwp%2Fv2%2Ftags&post=8624"}],"curies":[{"name":"wp","href":"https:\/\/api.w.org\/{rel}","templated":true}]}}